{"id":28254,"date":"2020-08-14T20:05:39","date_gmt":"2020-08-14T18:05:39","guid":{"rendered":"https:\/\/blog.ilgiornale.it\/ruzzo\/?p=28254"},"modified":"2020-08-14T20:05:39","modified_gmt":"2020-08-14T18:05:39","slug":"a-montalcino-ce-voglia-di-eroica","status":"publish","type":"post","link":"https:\/\/blog.ilgiornale.it\/ruzzo\/2020\/08\/14\/a-montalcino-ce-voglia-di-eroica\/","title":{"rendered":"A Montalcino c&#8217;\u00e8 voglia di Eroica"},"content":{"rendered":"<p style=\"font-weight: 400\"><a href=\"https:\/\/blog.ilgiornale.it\/ruzzo\/2020\/06\/17\/in-bici-vacanze-eroiche\/er3-2\/\" rel=\"attachment wp-att-27997\"><img loading=\"lazy\" class=\"alignleft size-medium wp-image-27997\" src=\"https:\/\/blog.ilgiornale.it\/ruzzo\/files\/2020\/06\/er31-300x193.jpg\" alt=\"\" width=\"300\" height=\"193\" srcset=\"https:\/\/blog.ilgiornale.it\/ruzzo\/files\/2020\/06\/er31-300x193.jpg 300w, https:\/\/blog.ilgiornale.it\/ruzzo\/files\/2020\/06\/er31-1024x659.jpg 1024w, https:\/\/blog.ilgiornale.it\/ruzzo\/files\/2020\/06\/er31.jpg 1153w\" sizes=\"(max-width: 300px) 100vw, 300px\" \/><\/a>Dicono persino che sia pi\u00f9 bella e pi\u00f9 dura dell&#8217;Eroica di Gaiole. Magari perch\u00e9 \u00e8 pi\u00f9 piccola, pi\u00f9 raccolta, con pi\u00f9 strade bianche. E perch\u00e8 Montalcino \u00e8 quel posto che \u00e8 con il nome e con la storia che ha. O forse semplicemente perch\u00e9 dopo il lockdown, dopo l&#8217;annuncio che l&#8217;Eroica di Gaiole \u00e8 slittata all&#8217;anno prossimo c\u2019\u00e8 tanta gente cui Eroica manca, che scalpita, che ha voglia di ritrovarsi. Ma forse sono solo &#8220;malelingue&#8221;&#8230; Per\u00f2 la quarta edizione di <strong>Eroica Montalcino<\/strong>, che quest\u2019anno, causa Covid-19, \u00e8 passata dalla primavera all\u2019estate e si pedaler\u00e0 il 30 di agosto \u00a0tra la Val d\u2019Orcia e le Crete Senesi sar\u00e0\u00a0 la solita grande festa di innamorati del ciclismo che fu e che sar\u00e0. Festa ai tempi del virus, con un po&#8217; pi\u00f9 di distanze, con le partenze che s susseguiranno per tre ore e con un po&#8217; di attenzione e di prudenza. Ma non cambia. Passato e futuro si intrecceranno ancora una volta in un mondo dove comanda la passione, dove si ritrova il sentimento antico dello star bene insieme, dove il tempo vola quando si pedala ma anche quando ci si incontra, quando si chiacchiera, quando si raccontano e si ascoltano le storie, quando si alza un calice\u00a0 davanti ad un piatto di lampredotto. Quattro i percorsi: quello di 153 chilometri, il <strong>&#8220;lungo Eroico&#8221;<\/strong>; quello<strong>\u00a0<\/strong>di 96, il <strong>&#8220;Medio Val d&#8217;Orcia&#8221;<\/strong>; quello di 70,\u00a0<strong> &#8220;il Corto delle Crete Senesi&#8221;<\/strong> e quello di \u00a046, il <strong>&#8220;Picccolo Brunello&#8221;<\/strong>. Un lento pedalare tra Montalcino, Buonconvento, San Quirico d\u2019Orcia, Pienza,\u00a0 Trequanda. Tra le strade bianche della Val di Cava, di Ripa d\u2019Orcia, Selvoli, Le Regge, Traversa dei Monti, Pieve a Salti, La Piana, Castiglion del Bosco e la Maremmana. Si far\u00e0 fatica ma si far\u00e0 anche festa e si comincer\u00e0 \u00a0gi\u00e0 venerd\u00ec 28\u00a0 quando, nel pomeriggio in piazza del Popolo, sar\u00e0 aperta la Bottega Eroica met\u00e0 di incontro e di pellegrinaggio per gli appassionati dell&#8217;abbigliamento di una volta e per i collezionisti della meccanica di un tempo. Poi il Mercatino Eroico con pezzi di antiquariato di ciclismo che raccontano storie ed avventure dal 1900 in avanti, la mostra dedicata a Fausto Coppi in via Ricasoli, l\u2019accensione della maglie luminose, la presentazione del Progetto Terra Eroica, il Percorso Permanente de L\u2019Eroica e quello Eroica Montalcino, e\u00a0 la presentazione dei libri di Giancarlo Brocci \u201cBartali, l\u2019ultimo eroico\u201d e di Giovanni Nencini \u201cSulla cresta dell\u2019onda\u201d. Quindi i concorsi \u201cbarbe e baffi\u201d d\u2019epoca e\u00a0 \u201cvetrine eroiche\u201d e\u00a0 l\u2019assaggio del Piatto Eroico, una curiosit\u00e0 culinaria che sar\u00e0 svelata solo all\u2019ora di cena. E domenica toccher\u00e0 pedalare&#8230;<\/p>\n","protected":false},"excerpt":{"rendered":"<p><p>Dicono persino che sia pi\u00f9 bella e pi\u00f9 dura dell&#8217;Eroica di Gaiole. Magari perch\u00e9 \u00e8 pi\u00f9 piccola, pi\u00f9 raccolta, con pi\u00f9 strade bianche. E perch\u00e8 Montalcino \u00e8 quel posto che \u00e8 con il nome e con la storia che ha. O forse semplicemente perch\u00e9 dopo il lockdown, dopo l&#8217;annuncio che l&#8217;Eroica di Gaiole \u00e8 slittata all&#8217;anno prossimo c\u2019\u00e8 tanta gente cui Eroica manca, che scalpita, che ha voglia di ritrovarsi. Ma forse sono solo &#8220;malelingue&#8221;&#8230; Per\u00f2 la quarta edizione di Eroica Montalcino, che quest\u2019anno, causa Covid-19, \u00e8 passata dalla primavera all\u2019estate e si pedaler\u00e0 il 30 di agosto \u00a0tra la [&hellip;]<\/p>\n&nbsp;&nbsp;<div class=\"readmore\"><a href=\"https:\/\/blog.ilgiornale.it\/ruzzo\/2020\/08\/14\/a-montalcino-ce-voglia-di-eroica\/\">Continua a leggere...<\/a><\/div><\/p>","protected":false},"author":956,"featured_media":0,"comment_status":"open","ping_status":"closed","sticky":false,"template":"","format":"standard","meta":[],"categories":[1],"tags":[],"_links":{"self":[{"href":"https:\/\/blog.ilgiornale.it\/ruzzo\/wp-json\/wp\/v2\/posts\/28254"}],"collection":[{"href":"https:\/\/blog.ilgiornale.it\/ruzzo\/wp-json\/wp\/v2\/posts"}],"about":[{"href":"https:\/\/blog.ilgiornale.it\/ruzzo\/wp-json\/wp\/v2\/types\/post"}],"author":[{"embeddable":true,"href":"https:\/\/blog.ilgiornale.it\/ruzzo\/wp-json\/wp\/v2\/users\/956"}],"replies":[{"embeddable":true,"href":"https:\/\/blog.ilgiornale.it\/ruzzo\/wp-json\/wp\/v2\/comments?post=28254"}],"version-history":[{"count":2,"href":"https:\/\/blog.ilgiornale.it\/ruzzo\/wp-json\/wp\/v2\/posts\/28254\/revisions"}],"predecessor-version":[{"id":28256,"href":"https:\/\/blog.ilgiornale.it\/ruzzo\/wp-json\/wp\/v2\/posts\/28254\/revisions\/28256"}],"wp:attachment":[{"href":"https:\/\/blog.ilgiornale.it\/ruzzo\/wp-json\/wp\/v2\/media?parent=28254"}],"wp:term":[{"taxonomy":"category","embeddable":true,"href":"https:\/\/blog.ilgiornale.it\/ruzzo\/wp-json\/wp\/v2\/categories?post=28254"},{"taxonomy":"post_tag","embeddable":true,"href":"https:\/\/blog.ilgiornale.it\/ruzzo\/wp-json\/wp\/v2\/tags?post=28254"}],"curies":[{"name":"wp","href":"https:\/\/api.w.org\/{rel}","templated":true}]}}