{"id":28263,"date":"2020-08-16T16:55:46","date_gmt":"2020-08-16T14:55:46","guid":{"rendered":"https:\/\/blog.ilgiornale.it\/ruzzo\/?p=28263"},"modified":"2020-08-16T16:55:46","modified_gmt":"2020-08-16T14:55:46","slug":"che-ci-fa-unauto-nel-bel-mezzo-del-lombardia","status":"publish","type":"post","link":"https:\/\/blog.ilgiornale.it\/ruzzo\/2020\/08\/16\/che-ci-fa-unauto-nel-bel-mezzo-del-lombardia\/","title":{"rendered":"Che ci fa un&#8217;auto nel bel mezzo del Lombardia?"},"content":{"rendered":"<p><a href=\"https:\/\/blog.ilgiornale.it\/ruzzo\/2020\/08\/16\/che-ci-fa-unauto-nel-bel-mezzo-del-lombardia\/efelg0sx0aaruhn\/\" rel=\"attachment wp-att-28264\"><img loading=\"lazy\" class=\"alignright size-medium wp-image-28264\" src=\"https:\/\/blog.ilgiornale.it\/ruzzo\/files\/2020\/08\/EfelG0sX0AArUHN-300x218.jpg\" alt=\"\" width=\"300\" height=\"218\" srcset=\"https:\/\/blog.ilgiornale.it\/ruzzo\/files\/2020\/08\/EfelG0sX0AArUHN-300x218.jpg 300w, https:\/\/blog.ilgiornale.it\/ruzzo\/files\/2020\/08\/EfelG0sX0AArUHN.jpg 617w\" sizes=\"(max-width: 300px) 100vw, 300px\" \/><\/a>Che ci fa un&#8217;auto nel bel mezzo del Giro di Lombardia? Che poi la cosa assurda \u00e8 che succede quasi ogni giorno perch\u00e8 molta gente guida ma nel frattempo telefona, chiacchiera, manda e-mail, mangia, beve e si fa i fatti suoi&#8230; Fa di tutto fuorch\u00e8 rendersi conto che intorno a s\u00e8 ha un mondo che va su altre auto, in moto, che cammina, che pedala e che magari sta correndo una gara ciclistica tra le pi\u00f9 importanti al mondo.\u00a0 Cos\u00ec l&#8217;auto che hai davanti all&#8217;improvviso svolta, ovviamente senza freccia, la strada si stringe sempre di pi\u00f9, provi a frenare ma poi ci finisci addosso. E preghi che tutto vada il meglio possibile o il meno peggio.\u00a0 Ieri, negli ultimi chilometri di un drammatico <strong>Giro di Lombardia<\/strong>, il tedesco della della Bora-Hansgrohe <strong>Maximilian Schachmann\u00a0<\/strong> \u00e8 stato investito da una donna alla guida di un suv entrato incredibilmente nel percorso di gara e , dopo essere arrivato al traguardo dolorante, \u00e8 finito all&#8217;ospedale dove i medici gli hanno diagnosticato la frattura di una clavicola. E&#8217; brutto dirlo ma gli andata bene perch\u00e8 era in un tratto di discesa e l&#8217;impatto \u00e8 stato violento. Ora, al di l\u00e0 dell&#8217;idiozia e dell&#8217;incoscienza della signora che nel bel mezzo di una gara ciclistica ha pensato bene invadere il percorso, c&#8217;\u00e8 da capire come abbia potuto farlo. In quel momento la gara era in pieno svolgimento e Schachmann era in settima posizione e non nella parte finale del gruppo che, comunque,\u00a0 nulla toglierebbe alla gravit\u00e0 di ci\u00f2 che \u00e8 successo.\u00a0 Un incidente inquietante su cui stanno indagando le forze dell&#8217;ordine,\u00a0 che ha subito innescato un&#8217;indagine dell&#8217;Unione ciclistica Internazionale e che \u00e8 arrivato dopo il tagico volo in un dirupo di<strong> Remco Evenepoel<\/strong> che ha tenuto tutti col fiato sospeso. Il ventenne belga della\u00a0 Deceuninck-Quick Styep, che nella caduta si \u00e8 fratturato il bacino ed ha riportato forti contusioni ad un polmone e ad una gamba \u00e8 ancora ricoverato al Sant&#8217;Anna di Como in condizioni stabili e domani rientrer\u00e0 con un volo in Belgio.<\/p>\n","protected":false},"excerpt":{"rendered":"<p><p>Che ci fa un&#8217;auto nel bel mezzo del Giro di Lombardia? Che poi la cosa assurda \u00e8 che succede quasi ogni giorno perch\u00e8 molta gente guida ma nel frattempo telefona, chiacchiera, manda e-mail, mangia, beve e si fa i fatti suoi&#8230; Fa di tutto fuorch\u00e8 rendersi conto che intorno a s\u00e8 ha un mondo che va su altre auto, in moto, che cammina, che pedala e che magari sta correndo una gara ciclistica tra le pi\u00f9 importanti al mondo.\u00a0 Cos\u00ec l&#8217;auto che hai davanti all&#8217;improvviso svolta, ovviamente senza freccia, la strada si stringe sempre di pi\u00f9, provi a frenare ma [&hellip;]<\/p>\n&nbsp;&nbsp;<div class=\"readmore\"><a href=\"https:\/\/blog.ilgiornale.it\/ruzzo\/2020\/08\/16\/che-ci-fa-unauto-nel-bel-mezzo-del-lombardia\/\">Continua a leggere...<\/a><\/div><\/p>","protected":false},"author":956,"featured_media":0,"comment_status":"open","ping_status":"closed","sticky":false,"template":"","format":"standard","meta":[],"categories":[1],"tags":[],"_links":{"self":[{"href":"https:\/\/blog.ilgiornale.it\/ruzzo\/wp-json\/wp\/v2\/posts\/28263"}],"collection":[{"href":"https:\/\/blog.ilgiornale.it\/ruzzo\/wp-json\/wp\/v2\/posts"}],"about":[{"href":"https:\/\/blog.ilgiornale.it\/ruzzo\/wp-json\/wp\/v2\/types\/post"}],"author":[{"embeddable":true,"href":"https:\/\/blog.ilgiornale.it\/ruzzo\/wp-json\/wp\/v2\/users\/956"}],"replies":[{"embeddable":true,"href":"https:\/\/blog.ilgiornale.it\/ruzzo\/wp-json\/wp\/v2\/comments?post=28263"}],"version-history":[{"count":2,"href":"https:\/\/blog.ilgiornale.it\/ruzzo\/wp-json\/wp\/v2\/posts\/28263\/revisions"}],"predecessor-version":[{"id":28266,"href":"https:\/\/blog.ilgiornale.it\/ruzzo\/wp-json\/wp\/v2\/posts\/28263\/revisions\/28266"}],"wp:attachment":[{"href":"https:\/\/blog.ilgiornale.it\/ruzzo\/wp-json\/wp\/v2\/media?parent=28263"}],"wp:term":[{"taxonomy":"category","embeddable":true,"href":"https:\/\/blog.ilgiornale.it\/ruzzo\/wp-json\/wp\/v2\/categories?post=28263"},{"taxonomy":"post_tag","embeddable":true,"href":"https:\/\/blog.ilgiornale.it\/ruzzo\/wp-json\/wp\/v2\/tags?post=28263"}],"curies":[{"name":"wp","href":"https:\/\/api.w.org\/{rel}","templated":true}]}}