{"id":28290,"date":"2020-08-22T20:41:30","date_gmt":"2020-08-22T18:41:30","guid":{"rendered":"https:\/\/blog.ilgiornale.it\/ruzzo\/?p=28290"},"modified":"2020-08-22T20:41:31","modified_gmt":"2020-08-22T18:41:31","slug":"london-marathon-al-via-lazzurro-meucci","status":"publish","type":"post","link":"https:\/\/blog.ilgiornale.it\/ruzzo\/2020\/08\/22\/london-marathon-al-via-lazzurro-meucci\/","title":{"rendered":"London Marathon, al via l&#8217;azzurro Meucci"},"content":{"rendered":"<p><a href=\"https:\/\/blog.ilgiornale.it\/ruzzo\/2020\/08\/22\/london-marathon-al-via-lazzurro-meucci\/20617193_457586364608527_2274334591669052147_o\/\" rel=\"attachment wp-att-28291\"><img loading=\"lazy\" class=\"alignright size-medium wp-image-28291\" src=\"https:\/\/blog.ilgiornale.it\/ruzzo\/files\/2020\/08\/20617193_457586364608527_2274334591669052147_o-189x300.jpg\" alt=\"\" width=\"189\" height=\"300\" srcset=\"https:\/\/blog.ilgiornale.it\/ruzzo\/files\/2020\/08\/20617193_457586364608527_2274334591669052147_o-189x300.jpg 189w, https:\/\/blog.ilgiornale.it\/ruzzo\/files\/2020\/08\/20617193_457586364608527_2274334591669052147_o-645x1024.jpg 645w, https:\/\/blog.ilgiornale.it\/ruzzo\/files\/2020\/08\/20617193_457586364608527_2274334591669052147_o-768x1219.jpg 768w, https:\/\/blog.ilgiornale.it\/ruzzo\/files\/2020\/08\/20617193_457586364608527_2274334591669052147_o-968x1536.jpg 968w, https:\/\/blog.ilgiornale.it\/ruzzo\/files\/2020\/08\/20617193_457586364608527_2274334591669052147_o.jpg 1273w\" sizes=\"(max-width: 189px) 100vw, 189px\" \/><\/a><strong>Daniele Meucci<\/strong> sar\u00e0 al via della prossima <strong>London Marathon<\/strong> che si correr\u00e0 domenica 4 ottobre. Lo hanno annunciato gli organizzatori confermando ( per ora) la\u00a0 data\u00a0 anche se, come su succede ormai\u00a0 in tempo di Covid per tutti gli eventi sportivi e non,\u00a0 un minimo di incertezza resta ed \u00e8 legato ovviamente all&#8217;evolversi della situazione sanitaria. Prevista inizialmente il 26 aprile la maratona londinese \u00e8 stata rinviata a causa della pandemia e si svolger\u00e0 soltanto per gli atleti \u00e9lite su un circuito nel centro cittadino a St James\u2019s Park. Il pisano dell\u2019Esercito, campione europeo nel 2014, ha sfiorato il record personale con 2h10:52 nell\u2019ultima\u00a0 <span style=\"color: #000000\">maratona<\/span> disputata, lo scorso 27 ottobre a Francoforte, dopo il ritiro alla rassegna iridata di Doha. Un crono inferiore allo standard di iscrizione per le prossime Olimpiadi di Tokyo, fissato a 2h11:30. Proprio la gara di Londra sar\u00e0 valida per la qualificazione olimpica, visto che \u00e8 stata anticipata al 1\u00b0 settembre la riapertura della finestra per\u00a0 <span style=\"color: #000000\">maratona<\/span> e marcia. In avvio di questa stagione Meucci, il 12 gennaio a Valencia, ha realizzato il primato italiano sui 10 chilometri e adesso si prepara a tornare sulle strade di Londra, dove si \u00e8 piazzato sesto ai Mondiali del 2017 La Virgin Money London Marathon attende la sfida tra i big della specialit\u00e0: atteso il duello tra il keniano <strong>Eliud Kipchoge,<\/strong> campione olimpico e primatista del mondo con 2h01:39 nel 2018 a Berlino, e l\u2019etiope <strong>Kenenisa Bekele,<\/strong> arrivato a soli due secondi dal record a Berlino, un anno dopo. Anche al femminile \u00e8 annunciata la pi\u00f9 veloce di sempre sulla distanza, la keniana <strong>Brigid Kosgei<\/strong> che ha corso in 2:14:04 a Chicago nell\u2019ottobre del 2019.<\/p>\n","protected":false},"excerpt":{"rendered":"<p><p>Daniele Meucci sar\u00e0 al via della prossima London Marathon che si correr\u00e0 domenica 4 ottobre. Lo hanno annunciato gli organizzatori confermando ( per ora) la\u00a0 data\u00a0 anche se, come su succede ormai\u00a0 in tempo di Covid per tutti gli eventi sportivi e non,\u00a0 un minimo di incertezza resta ed \u00e8 legato ovviamente all&#8217;evolversi della situazione sanitaria. Prevista inizialmente il 26 aprile la maratona londinese \u00e8 stata rinviata a causa della pandemia e si svolger\u00e0 soltanto per gli atleti \u00e9lite su un circuito nel centro cittadino a St James\u2019s Park. Il pisano dell\u2019Esercito, campione europeo nel 2014, ha sfiorato il record [&hellip;]<\/p>\n&nbsp;&nbsp;<div class=\"readmore\"><a href=\"https:\/\/blog.ilgiornale.it\/ruzzo\/2020\/08\/22\/london-marathon-al-via-lazzurro-meucci\/\">Continua a leggere...<\/a><\/div><\/p>","protected":false},"author":956,"featured_media":0,"comment_status":"open","ping_status":"closed","sticky":false,"template":"","format":"standard","meta":[],"categories":[1],"tags":[],"_links":{"self":[{"href":"https:\/\/blog.ilgiornale.it\/ruzzo\/wp-json\/wp\/v2\/posts\/28290"}],"collection":[{"href":"https:\/\/blog.ilgiornale.it\/ruzzo\/wp-json\/wp\/v2\/posts"}],"about":[{"href":"https:\/\/blog.ilgiornale.it\/ruzzo\/wp-json\/wp\/v2\/types\/post"}],"author":[{"embeddable":true,"href":"https:\/\/blog.ilgiornale.it\/ruzzo\/wp-json\/wp\/v2\/users\/956"}],"replies":[{"embeddable":true,"href":"https:\/\/blog.ilgiornale.it\/ruzzo\/wp-json\/wp\/v2\/comments?post=28290"}],"version-history":[{"count":2,"href":"https:\/\/blog.ilgiornale.it\/ruzzo\/wp-json\/wp\/v2\/posts\/28290\/revisions"}],"predecessor-version":[{"id":28293,"href":"https:\/\/blog.ilgiornale.it\/ruzzo\/wp-json\/wp\/v2\/posts\/28290\/revisions\/28293"}],"wp:attachment":[{"href":"https:\/\/blog.ilgiornale.it\/ruzzo\/wp-json\/wp\/v2\/media?parent=28290"}],"wp:term":[{"taxonomy":"category","embeddable":true,"href":"https:\/\/blog.ilgiornale.it\/ruzzo\/wp-json\/wp\/v2\/categories?post=28290"},{"taxonomy":"post_tag","embeddable":true,"href":"https:\/\/blog.ilgiornale.it\/ruzzo\/wp-json\/wp\/v2\/tags?post=28290"}],"curies":[{"name":"wp","href":"https:\/\/api.w.org\/{rel}","templated":true}]}}