{"id":28298,"date":"2020-08-24T19:05:54","date_gmt":"2020-08-24T17:05:54","guid":{"rendered":"https:\/\/blog.ilgiornale.it\/ruzzo\/?p=28298"},"modified":"2020-08-24T19:05:54","modified_gmt":"2020-08-24T17:05:54","slug":"da-amsterdam-a-cervia-saltano-maratona-e-ironman","status":"publish","type":"post","link":"https:\/\/blog.ilgiornale.it\/ruzzo\/2020\/08\/24\/da-amsterdam-a-cervia-saltano-maratona-e-ironman\/","title":{"rendered":"Da Amsterdam a Cervia, saltano maratona e Ironman"},"content":{"rendered":"<p><a href=\"https:\/\/blog.ilgiornale.it\/ruzzo\/2020\/08\/24\/da-amsterdam-a-cervia-saltano-maratona-e-ironman\/cer-5\/\" rel=\"attachment wp-att-28299\"><img loading=\"lazy\" class=\"alignleft size-medium wp-image-28299\" src=\"https:\/\/blog.ilgiornale.it\/ruzzo\/files\/2020\/08\/cer-300x184.jpg\" alt=\"\" width=\"300\" height=\"184\" srcset=\"https:\/\/blog.ilgiornale.it\/ruzzo\/files\/2020\/08\/cer-300x184.jpg 300w, https:\/\/blog.ilgiornale.it\/ruzzo\/files\/2020\/08\/cer.jpg 600w\" sizes=\"(max-width: 300px) 100vw, 300px\" \/><\/a>In tempo di coronavirus meglio non fare troppi programmi.\u00a0 Anzi, forse meglio non farli proprio e vivere alla giornata. E&#8217; uno stillicidio di gare che slittano, che si spostano, che si ricollocano, che si corrono in date improbabili stravolgendo storia e tradizioni. Oggi tocca alla 45ma edizione della <strong><span style=\"color: #000000\">maratona<\/span> di Amsterdam<\/strong> prevista per domenica 18 ottobre:\u00a0 \u00e8 stata annullata. Nonostante il programma fortemente modificato, la citt\u00e0\u00a0 e gli organizzatori hanno deciso di annullare la manifestazione\u00a0 visto il crescente numero di infezioni nella capitale. Nei Paesi Bassi c\u2019\u00e8 un picco di infezioni e dal 4 agosto non vengono registrati meno di 400 nuovi casi di Covid-19 al giorno. I partecipanti provengono da tutto il mondo e avrebbero gareggerebbero podisti di 140 nazionalit\u00e0 diverse. Cos\u00ec gli olandesi non ci hanno pensato due volte: la maratona verr\u00e0 spostata al 17 ottobre 2021. Stessa sorte \u00e8 toccata all&#8217;<strong>Ironman di Cervia<\/strong> che si sarebbe dovuto svolgere \u00a0dal 17 al 20 settembre, poi era stato spostato al 26 settembre e 27 settembre ed ora \u00e8 stato definitivamente rimandato al prossimo anno . Per Ironman Italy, evento internazionale che si svolge da qualche anno a Cervia, erano attese migliaia di persone da tutto il mondo.\u201cAbbiamo cercato fino all\u2019ultimo di salvare questa manifestazione, cos\u00ec importante per quanto riguarda il numero delle presenze; ma non ci siamo riusciti \u2013 spiega il sindaco <strong>Massimo Medri<\/strong> -. La coincidenza con il referendum aveva imposto inizialmente un cambiamento di data non facile da concordare, ma fatto questo passaggio, l\u2019aumento dei contagi a livello europeo ha fatto si che gli stessi atleti non avessero pi\u00f9 le condizioni per parteciparvi&#8221; Nei giorni scorsi era stata cancellata la tappa spagnola. Un duro colpo per la citt\u00e0 che attendeva questo evento per allungare una stagione turistica gi\u00e0 &#8220;dimezzata&#8221; dall&#8217;emergenza.<\/p>\n","protected":false},"excerpt":{"rendered":"<p><p>In tempo di coronavirus meglio non fare troppi programmi.\u00a0 Anzi, forse meglio non farli proprio e vivere alla giornata. E&#8217; uno stillicidio di gare che slittano, che si spostano, che si ricollocano, che si corrono in date improbabili stravolgendo storia e tradizioni. Oggi tocca alla 45ma edizione della maratona di Amsterdam prevista per domenica 18 ottobre:\u00a0 \u00e8 stata annullata. Nonostante il programma fortemente modificato, la citt\u00e0\u00a0 e gli organizzatori hanno deciso di annullare la manifestazione\u00a0 visto il crescente numero di infezioni nella capitale. Nei Paesi Bassi c\u2019\u00e8 un picco di infezioni e dal 4 agosto non vengono registrati meno di [&hellip;]<\/p>\n&nbsp;&nbsp;<div class=\"readmore\"><a href=\"https:\/\/blog.ilgiornale.it\/ruzzo\/2020\/08\/24\/da-amsterdam-a-cervia-saltano-maratona-e-ironman\/\">Continua a leggere...<\/a><\/div><\/p>","protected":false},"author":956,"featured_media":0,"comment_status":"open","ping_status":"closed","sticky":false,"template":"","format":"standard","meta":[],"categories":[1],"tags":[],"_links":{"self":[{"href":"https:\/\/blog.ilgiornale.it\/ruzzo\/wp-json\/wp\/v2\/posts\/28298"}],"collection":[{"href":"https:\/\/blog.ilgiornale.it\/ruzzo\/wp-json\/wp\/v2\/posts"}],"about":[{"href":"https:\/\/blog.ilgiornale.it\/ruzzo\/wp-json\/wp\/v2\/types\/post"}],"author":[{"embeddable":true,"href":"https:\/\/blog.ilgiornale.it\/ruzzo\/wp-json\/wp\/v2\/users\/956"}],"replies":[{"embeddable":true,"href":"https:\/\/blog.ilgiornale.it\/ruzzo\/wp-json\/wp\/v2\/comments?post=28298"}],"version-history":[{"count":2,"href":"https:\/\/blog.ilgiornale.it\/ruzzo\/wp-json\/wp\/v2\/posts\/28298\/revisions"}],"predecessor-version":[{"id":28301,"href":"https:\/\/blog.ilgiornale.it\/ruzzo\/wp-json\/wp\/v2\/posts\/28298\/revisions\/28301"}],"wp:attachment":[{"href":"https:\/\/blog.ilgiornale.it\/ruzzo\/wp-json\/wp\/v2\/media?parent=28298"}],"wp:term":[{"taxonomy":"category","embeddable":true,"href":"https:\/\/blog.ilgiornale.it\/ruzzo\/wp-json\/wp\/v2\/categories?post=28298"},{"taxonomy":"post_tag","embeddable":true,"href":"https:\/\/blog.ilgiornale.it\/ruzzo\/wp-json\/wp\/v2\/tags?post=28298"}],"curies":[{"name":"wp","href":"https:\/\/api.w.org\/{rel}","templated":true}]}}