{"id":28306,"date":"2020-08-27T14:41:29","date_gmt":"2020-08-27T12:41:29","guid":{"rendered":"https:\/\/blog.ilgiornale.it\/ruzzo\/?p=28306"},"modified":"2020-08-29T10:05:11","modified_gmt":"2020-08-29T08:05:11","slug":"in-francia-record-di-contagi-ma-il-tour-va","status":"publish","type":"post","link":"https:\/\/blog.ilgiornale.it\/ruzzo\/2020\/08\/27\/in-francia-record-di-contagi-ma-il-tour-va\/","title":{"rendered":"In Francia record di contagi ma il Tour va&#8230;"},"content":{"rendered":"<p><a href=\"https:\/\/blog.ilgiornale.it\/ruzzo\/2020\/08\/27\/in-francia-record-di-contagi-ma-il-tour-va\/tur\/\" rel=\"attachment wp-att-28307\"><img loading=\"lazy\" class=\"alignright size-medium wp-image-28307\" src=\"https:\/\/blog.ilgiornale.it\/ruzzo\/files\/2020\/08\/tur-226x300.jpg\" alt=\"\" width=\"226\" height=\"300\" srcset=\"https:\/\/blog.ilgiornale.it\/ruzzo\/files\/2020\/08\/tur-226x300.jpg 226w, https:\/\/blog.ilgiornale.it\/ruzzo\/files\/2020\/08\/tur.jpg 388w\" sizes=\"(max-width: 226px) 100vw, 226px\" \/><\/a>Niente pubblico, niente assembramenti, niente autografi, niente selfie: <em>Rien de rien. <\/em>Sabato Parte il Tour de France, rito collettivo di Paese che non rinuncia alla sua storia e ovviamente neppure al suo grande business. Parte da Nizza raccogliendo il testimone della Parigi-Nizza, ultima gara corsa prima del lockdown, quando il ciclismo si ferm\u00f2 spaventato da una pandemia che faceva migliaia di contagi. E li fa ancora, soprattutto in Francia. Ma sono dettagli. La corsa va come se nulla fosse, dai Pirenei al Sud, poi le Alpi e 36 chilometri di crono per finire con la scalata a la Planche de\u00a0 Belles Filles che diranno chi arriver\u00e0 in giallo sui Campi Elisi dove, da tradizione, \u00e8 prevista la passerella finale. Chi vincer\u00e0? Forse non \u00e8 il pronostico pi\u00f9 importante adesso. Nei giorni in cui la Francia fa registrare 5500 contagi, cifra mai cos\u00ec alta da aprile, e nel giorno in cui la Sanit\u00e0 francese non aggiorna il numero dei decessi e dei ricoveri a causa di un guasto informatico che ha colpito il sistema di conteggio,\u00a0 immaginare che arriver\u00e0 in giallo a Parigi pare davvero un esercizio di stile&#8230;Forse pi\u00f9 giusto chiedersi se sar\u00e0 il Tour ad arrivare a Parigi<\/p>\n","protected":false},"excerpt":{"rendered":"<p><p>Niente pubblico, niente assembramenti, niente autografi, niente selfie: Rien de rien. Sabato Parte il Tour de France, rito collettivo di Paese che non rinuncia alla sua storia e ovviamente neppure al suo grande business. Parte da Nizza raccogliendo il testimone della Parigi-Nizza, ultima gara corsa prima del lockdown, quando il ciclismo si ferm\u00f2 spaventato da una pandemia che faceva migliaia di contagi. E li fa ancora, soprattutto in Francia. Ma sono dettagli. La corsa va come se nulla fosse, dai Pirenei al Sud, poi le Alpi e 36 chilometri di crono per finire con la scalata a la Planche de\u00a0 [&hellip;]<\/p>\n&nbsp;&nbsp;<div class=\"readmore\"><a href=\"https:\/\/blog.ilgiornale.it\/ruzzo\/2020\/08\/27\/in-francia-record-di-contagi-ma-il-tour-va\/\">Continua a leggere...<\/a><\/div><\/p>","protected":false},"author":956,"featured_media":0,"comment_status":"open","ping_status":"closed","sticky":false,"template":"","format":"standard","meta":[],"categories":[1],"tags":[],"_links":{"self":[{"href":"https:\/\/blog.ilgiornale.it\/ruzzo\/wp-json\/wp\/v2\/posts\/28306"}],"collection":[{"href":"https:\/\/blog.ilgiornale.it\/ruzzo\/wp-json\/wp\/v2\/posts"}],"about":[{"href":"https:\/\/blog.ilgiornale.it\/ruzzo\/wp-json\/wp\/v2\/types\/post"}],"author":[{"embeddable":true,"href":"https:\/\/blog.ilgiornale.it\/ruzzo\/wp-json\/wp\/v2\/users\/956"}],"replies":[{"embeddable":true,"href":"https:\/\/blog.ilgiornale.it\/ruzzo\/wp-json\/wp\/v2\/comments?post=28306"}],"version-history":[{"count":3,"href":"https:\/\/blog.ilgiornale.it\/ruzzo\/wp-json\/wp\/v2\/posts\/28306\/revisions"}],"predecessor-version":[{"id":28327,"href":"https:\/\/blog.ilgiornale.it\/ruzzo\/wp-json\/wp\/v2\/posts\/28306\/revisions\/28327"}],"wp:attachment":[{"href":"https:\/\/blog.ilgiornale.it\/ruzzo\/wp-json\/wp\/v2\/media?parent=28306"}],"wp:term":[{"taxonomy":"category","embeddable":true,"href":"https:\/\/blog.ilgiornale.it\/ruzzo\/wp-json\/wp\/v2\/categories?post=28306"},{"taxonomy":"post_tag","embeddable":true,"href":"https:\/\/blog.ilgiornale.it\/ruzzo\/wp-json\/wp\/v2\/tags?post=28306"}],"curies":[{"name":"wp","href":"https:\/\/api.w.org\/{rel}","templated":true}]}}