{"id":28336,"date":"2020-08-30T18:28:28","date_gmt":"2020-08-30T16:28:28","guid":{"rendered":"https:\/\/blog.ilgiornale.it\/ruzzo\/?p=28336"},"modified":"2020-08-30T18:28:28","modified_gmt":"2020-08-30T16:28:28","slug":"da-grado-a-lignano-aquaticrunner-resiste","status":"publish","type":"post","link":"https:\/\/blog.ilgiornale.it\/ruzzo\/2020\/08\/30\/da-grado-a-lignano-aquaticrunner-resiste\/","title":{"rendered":"Da Grado a Lignano, Aquaticrunner &#8220;resiste&#8221;"},"content":{"rendered":"<p><a href=\"https:\/\/blog.ilgiornale.it\/ruzzo\/2020\/08\/30\/da-grado-a-lignano-aquaticrunner-resiste\/acq-3\/\" rel=\"attachment wp-att-28337\"><img loading=\"lazy\" class=\"alignright size-medium wp-image-28337\" src=\"https:\/\/blog.ilgiornale.it\/ruzzo\/files\/2020\/08\/acq-300x174.jpg\" alt=\"\" width=\"300\" height=\"174\" srcset=\"https:\/\/blog.ilgiornale.it\/ruzzo\/files\/2020\/08\/acq-300x174.jpg 300w, https:\/\/blog.ilgiornale.it\/ruzzo\/files\/2020\/08\/acq-1024x594.jpg 1024w, https:\/\/blog.ilgiornale.it\/ruzzo\/files\/2020\/08\/acq-768x446.jpg 768w, https:\/\/blog.ilgiornale.it\/ruzzo\/files\/2020\/08\/acq.jpg 1404w\" sizes=\"(max-width: 300px) 100vw, 300px\" \/><\/a>Tutto pronto per l&#8217;<strong>Aquaticrunner<\/strong> 2020. Tutto rivisto e corretto perch\u00e8 in epoca Covid nulla \u00e8 come prima e anche le gare che &#8220;resistono&#8221; devono adeguarsi ai nuovi protocolli. Ma esserci \u00e8 gi\u00e0 una vittoria . <strong>Aquaticrunner<\/strong> \u00e8 un\u2019avventura prima che una gara. Che porta a percorrere lo spazio di terra e di acqua che separa due localit\u00e0 di mare, Grado e Lignano nuotando e correndo. Correndo e nuotando e ancora correndo nella magnifica riserva naturale protetta che il prossimo 12 settembre vivr\u00e0 la settima edizione e assegner\u00e0 il titolo italiano assoluto della specialit\u00e0 dello swimrun. A causa della pandemia il titolo mondiale \u00e8 stato annullato per evitare di avere troppi atleti stranieri al via visto che ben 23 nazioni infatti avevano iscritto i loro atleti.\u00a0 Saranno cos\u00ec &#8220;solo&#8221; 220 gli atleti che si giocheranno il titolo nazionale CSEN per la quinta volta consecutiva e per la terza volta quello assoluto. Gli italiani al via saranno pluricampione italiano di duathlon e triathlon<strong> Daniel Hofer<\/strong> ed attuale campione mondiale di Swimrun e <strong>Alberto Casadei<\/strong> campione mondiale nel 2018. Molti anche gli atleti che negli anni hanno vestito la maglia della nazionale azzurra, quali <strong>Massimo Guadagni<\/strong> (vincitore dell\u2019edizione 2017) e <strong>Marco Marchese, Adelaide Cappellini<\/strong>,\u00a0 vincitrice nel 2018,\u00a0<strong> Francesco Cauz\u00a0<\/strong> primo nel\u00a0 2015 e nel 2016,\u00a0<strong> Daniela Calvino<\/strong> (seconda nel 2018 e 2019).\u00a0 Il tracciato, rispetto alle passate edizioni, sar\u00e0 pi\u00f9 corto, tagliato nella parte di Lignano per un totale di 26 Km al posto di 34 km previsti. &#8220;Questo deriva dalla necessit\u00e0 di rispetto dei protocolli anti-covid- spiegano gli organizzatori-\u00a0 che prevedono per evitare assembramenti le zone chiusa al pubblico degli arrivi e di passaggio della gara, zona studiata con l\u2019amministrazione di Lignano e il vicesindaco Alessandro Marosa, ed identificata nella spiaggia dei cani di Sabbiadoro.\u00a0 Sar\u00e0 obbligatorio l&#8217;uso della mascherina per tutti gli atleti nella zona di Grado da Parco delle Rose fino in spiaggia, la gara infatti partir\u00e0 come chilometro zero dalla Costa Azzurra, e in tutta la zona dopo la Finisher Line a Lignano Sabbiadoro&#8221;. Per evitare assembramenti, non sono previste docce e pasta party e la zona sar\u00e0 completamente chiusa al pubblico con la supervisione di uno staff di sei persone dedicato unicamente all\u2019attuazione dei protocolli del covid-free. \u00a0Non ci sar\u00e0 neppure la premiazione plenaria e gli atleti verranno premiati a porte chiuse direttamente in spiaggia dopo gli arrivi.<\/p>\n","protected":false},"excerpt":{"rendered":"<p><p>Tutto pronto per l&#8217;Aquaticrunner 2020. Tutto rivisto e corretto perch\u00e8 in epoca Covid nulla \u00e8 come prima e anche le gare che &#8220;resistono&#8221; devono adeguarsi ai nuovi protocolli. Ma esserci \u00e8 gi\u00e0 una vittoria . Aquaticrunner \u00e8 un\u2019avventura prima che una gara. Che porta a percorrere lo spazio di terra e di acqua che separa due localit\u00e0 di mare, Grado e Lignano nuotando e correndo. Correndo e nuotando e ancora correndo nella magnifica riserva naturale protetta che il prossimo 12 settembre vivr\u00e0 la settima edizione e assegner\u00e0 il titolo italiano assoluto della specialit\u00e0 dello swimrun. A causa della pandemia il [&hellip;]<\/p>\n&nbsp;&nbsp;<div class=\"readmore\"><a href=\"https:\/\/blog.ilgiornale.it\/ruzzo\/2020\/08\/30\/da-grado-a-lignano-aquaticrunner-resiste\/\">Continua a leggere...<\/a><\/div><\/p>","protected":false},"author":956,"featured_media":0,"comment_status":"open","ping_status":"closed","sticky":false,"template":"","format":"standard","meta":[],"categories":[1],"tags":[],"_links":{"self":[{"href":"https:\/\/blog.ilgiornale.it\/ruzzo\/wp-json\/wp\/v2\/posts\/28336"}],"collection":[{"href":"https:\/\/blog.ilgiornale.it\/ruzzo\/wp-json\/wp\/v2\/posts"}],"about":[{"href":"https:\/\/blog.ilgiornale.it\/ruzzo\/wp-json\/wp\/v2\/types\/post"}],"author":[{"embeddable":true,"href":"https:\/\/blog.ilgiornale.it\/ruzzo\/wp-json\/wp\/v2\/users\/956"}],"replies":[{"embeddable":true,"href":"https:\/\/blog.ilgiornale.it\/ruzzo\/wp-json\/wp\/v2\/comments?post=28336"}],"version-history":[{"count":2,"href":"https:\/\/blog.ilgiornale.it\/ruzzo\/wp-json\/wp\/v2\/posts\/28336\/revisions"}],"predecessor-version":[{"id":28339,"href":"https:\/\/blog.ilgiornale.it\/ruzzo\/wp-json\/wp\/v2\/posts\/28336\/revisions\/28339"}],"wp:attachment":[{"href":"https:\/\/blog.ilgiornale.it\/ruzzo\/wp-json\/wp\/v2\/media?parent=28336"}],"wp:term":[{"taxonomy":"category","embeddable":true,"href":"https:\/\/blog.ilgiornale.it\/ruzzo\/wp-json\/wp\/v2\/categories?post=28336"},{"taxonomy":"post_tag","embeddable":true,"href":"https:\/\/blog.ilgiornale.it\/ruzzo\/wp-json\/wp\/v2\/tags?post=28336"}],"curies":[{"name":"wp","href":"https:\/\/api.w.org\/{rel}","templated":true}]}}