{"id":28579,"date":"2020-10-07T17:42:00","date_gmt":"2020-10-07T15:42:00","guid":{"rendered":"https:\/\/blog.ilgiornale.it\/ruzzo\/?p=28579"},"modified":"2020-10-07T17:42:00","modified_gmt":"2020-10-07T15:42:00","slug":"ganna-chi-quello-che-va-forte-a-cronometro","status":"publish","type":"post","link":"https:\/\/blog.ilgiornale.it\/ruzzo\/2020\/10\/07\/ganna-chi-quello-che-va-forte-a-cronometro\/","title":{"rendered":"Ganna chi? Quello che va forte a cronometro?"},"content":{"rendered":"<p><a href=\"https:\/\/blog.ilgiornale.it\/ruzzo\/2020\/10\/07\/ganna-chi-quello-che-va-forte-a-cronometro\/pippo2\/\" rel=\"attachment wp-att-28580\"><img loading=\"lazy\" class=\"alignleft size-medium wp-image-28580\" src=\"https:\/\/blog.ilgiornale.it\/ruzzo\/files\/2020\/10\/pippo2-300x245.jpg\" alt=\"\" width=\"300\" height=\"245\" srcset=\"https:\/\/blog.ilgiornale.it\/ruzzo\/files\/2020\/10\/pippo2-300x245.jpg 300w, https:\/\/blog.ilgiornale.it\/ruzzo\/files\/2020\/10\/pippo2.jpg 551w\" sizes=\"(max-width: 300px) 100vw, 300px\" \/><\/a>Spegnete i cronometri. Il tempo per <strong>Filippo Ganna<\/strong> non conta pi\u00f9. Non conta pi\u00f9 la pioggia, non conta pi\u00f9 il freddo, la strada. Non conta pi\u00f9 neppure la salita. Vince la quinta tappa del Giro spiegando ai disillusi che a volte anche l&#8217;impossibile pu\u00f2 diventare possibile. Vince sulla Sila, si traveste da lupo nella terra dei lupi e stacca tutti a Camigliatello dopo una fuga infinita di oltre 150 chilometri in cui perde per strada gli altri sette coraggiosi che se n&#8217;erano andati con lui. E non doveva neppure esserci in quella fuga l\u00ec. Non era la sua ma quella del suo compagno della Ineos <strong>Salvatore\u00a0 Puccio<\/strong> che aveva il compito di scortare fino alla fine. &#8220;Salva&#8230;Mettiti a ruota&#8221; gli ha detto quando tutti hanno cominciato a scattargli in faccia poi si \u00e8 girato e non l&#8217;ha trovato pi\u00f9.\u00a0 Fermate il tempo perch\u00e8 questo ragazzone di Verbania dalla faccia per bene e dai modi educati di chi non ci pensa un attino a cedere il posto sul bus ad un anziano che sta in piedi \u00e8 la nuova &#8220;pepita&#8221; d&#8217;oro del ciclismo azzurro, \u00e8 l&#8217;asso su cui puntare per i prossimi Gichi di Tokyo. Un metro e novantatr\u00e8 per 86 chili, forse pi\u00f9 adatto al basket e alla pallavolo, \u00e8 la sintesi perfetta tra potenza e armonia e\u00a0 sembra &#8220;progettato&#8221; apposta per andar forte in bici. E non solo a cronometro. Dove possa arrivare Filippo Ganna forse non lo sa neppure Filippo Ganna che in\u00a0 un paio di settimane ha vinto un mondiale a Imola, ha messo per due giorni la maglia rosa,\u00a0 \u00e8 stato lo scudiero perfetto di <strong>Geraint Thomas<\/strong> nel suo calvario sull&#8217;Etna, ha fatto il gregario oggi fino a che non ha capito che invece poteva far saltare il banco e doveva far tutto da solo. Bisogna solo aver la pazienza di aspettare.\u00a0 Attendere che un atleta che fino a qualche tempo fa era abituato a correre solo in pista o crono da qualche decina di chilometri e che oggi ha schiantato tutti in una tappa da 225 chilometri con oltre 3500 metri di dislivello decida cosa fare nella sua vita da ciclista. Probabilmente non vincer\u00e0 una grande corsa a tappe ma per le classiche d&#8217;ora in poi bisogner\u00e0 cominciare a metterlo nei pronostici a cominciare dalla Roubaix che quattro anni fa ha gi\u00e0 vinto tra gli under 23. Intanto chi \u00e8 appassionato di ciclismo si lustra gli occhi. Vedere Filippo Ganna che accelera in salita senza mai alzarsi sui pedali e lascia sul posto un fenomeno come il belga Thomas De Gendt\u00a0 e uno scalatore come il colombiano Einer Rubio \u00e8 il sogno che non ti aspetti. E l&#8217;azzardo che diventa logica. E&#8217;\u00a0la sorpresa di un collega che ti incontra sulle scale e ti chiede chi ha vinto la tappa in salita del Giro: &#8221; Ma come Ganna? Quello che va forte a cronometro?&#8221;<\/p>\n","protected":false},"excerpt":{"rendered":"<p><p>Spegnete i cronometri. Il tempo per Filippo Ganna non conta pi\u00f9. Non conta pi\u00f9 la pioggia, non conta pi\u00f9 il freddo, la strada. Non conta pi\u00f9 neppure la salita. Vince la quinta tappa del Giro spiegando ai disillusi che a volte anche l&#8217;impossibile pu\u00f2 diventare possibile. Vince sulla Sila, si traveste da lupo nella terra dei lupi e stacca tutti a Camigliatello dopo una fuga infinita di oltre 150 chilometri in cui perde per strada gli altri sette coraggiosi che se n&#8217;erano andati con lui. E non doveva neppure esserci in quella fuga l\u00ec. Non era la sua ma quella [&hellip;]<\/p>\n&nbsp;&nbsp;<div class=\"readmore\"><a href=\"https:\/\/blog.ilgiornale.it\/ruzzo\/2020\/10\/07\/ganna-chi-quello-che-va-forte-a-cronometro\/\">Continua a leggere...<\/a><\/div><\/p>","protected":false},"author":956,"featured_media":0,"comment_status":"open","ping_status":"closed","sticky":false,"template":"","format":"standard","meta":[],"categories":[1],"tags":[],"_links":{"self":[{"href":"https:\/\/blog.ilgiornale.it\/ruzzo\/wp-json\/wp\/v2\/posts\/28579"}],"collection":[{"href":"https:\/\/blog.ilgiornale.it\/ruzzo\/wp-json\/wp\/v2\/posts"}],"about":[{"href":"https:\/\/blog.ilgiornale.it\/ruzzo\/wp-json\/wp\/v2\/types\/post"}],"author":[{"embeddable":true,"href":"https:\/\/blog.ilgiornale.it\/ruzzo\/wp-json\/wp\/v2\/users\/956"}],"replies":[{"embeddable":true,"href":"https:\/\/blog.ilgiornale.it\/ruzzo\/wp-json\/wp\/v2\/comments?post=28579"}],"version-history":[{"count":2,"href":"https:\/\/blog.ilgiornale.it\/ruzzo\/wp-json\/wp\/v2\/posts\/28579\/revisions"}],"predecessor-version":[{"id":28582,"href":"https:\/\/blog.ilgiornale.it\/ruzzo\/wp-json\/wp\/v2\/posts\/28579\/revisions\/28582"}],"wp:attachment":[{"href":"https:\/\/blog.ilgiornale.it\/ruzzo\/wp-json\/wp\/v2\/media?parent=28579"}],"wp:term":[{"taxonomy":"category","embeddable":true,"href":"https:\/\/blog.ilgiornale.it\/ruzzo\/wp-json\/wp\/v2\/categories?post=28579"},{"taxonomy":"post_tag","embeddable":true,"href":"https:\/\/blog.ilgiornale.it\/ruzzo\/wp-json\/wp\/v2\/tags?post=28579"}],"curies":[{"name":"wp","href":"https:\/\/api.w.org\/{rel}","templated":true}]}}