{"id":28588,"date":"2020-10-09T21:24:33","date_gmt":"2020-10-09T19:24:33","guid":{"rendered":"https:\/\/blog.ilgiornale.it\/ruzzo\/?p=28588"},"modified":"2020-10-09T21:34:03","modified_gmt":"2020-10-09T19:34:03","slug":"la-roubaix-si-arrende-e-noi","status":"publish","type":"post","link":"https:\/\/blog.ilgiornale.it\/ruzzo\/2020\/10\/09\/la-roubaix-si-arrende-e-noi\/","title":{"rendered":"La Roubaix si arrende e noi?"},"content":{"rendered":"<p><a href=\"https:\/\/blog.ilgiornale.it\/ruzzo\/2020\/10\/09\/la-roubaix-si-arrende-e-noi\/parigi-roubaix\/\" rel=\"attachment wp-att-28589\"><img loading=\"lazy\" class=\"alignright size-medium wp-image-28589\" src=\"https:\/\/blog.ilgiornale.it\/ruzzo\/files\/2020\/10\/Parigi-Roubaix-300x168.jpg\" alt=\"\" width=\"300\" height=\"168\" srcset=\"https:\/\/blog.ilgiornale.it\/ruzzo\/files\/2020\/10\/Parigi-Roubaix-300x168.jpg 300w, https:\/\/blog.ilgiornale.it\/ruzzo\/files\/2020\/10\/Parigi-Roubaix-1024x574.jpg 1024w, https:\/\/blog.ilgiornale.it\/ruzzo\/files\/2020\/10\/Parigi-Roubaix-768x431.jpg 768w, https:\/\/blog.ilgiornale.it\/ruzzo\/files\/2020\/10\/Parigi-Roubaix.jpg 1300w\" sizes=\"(max-width: 300px) 100vw, 300px\" \/><\/a>La Roubaix non si corre, troppi 20mila contagi al giorno per insistere. E noi? Noi che facciamo con il campionato di calcio, con il Giro d&#8217;Italia, con le manifestazioni sportive in genere? Si va avanti? Chiedere \u00e8 lecito. C&#8217;\u00e8 un Paese che fa file di ore per i tamponi che sono purtroppo un &#8220;genere scarso&#8221;, cio\u00e8 non ce ne sono a sufficienza per tutti ed grave perch\u00e8 si poteva prevedere che con una seconda ondata si sarebbero dovuti fare i conti. C&#8217;\u00e8 una scuola nel caos, con ragazzi che, dall&#8217;inizio dell&#8217;anno, sono andati in classe una settimana scarsa, perch\u00e8 non ci sono aule a sufficienza per distanziarli, perch\u00e8 non ci sono i professori, perch\u00e8 non ci sono regole precise che stabiliscano che fare per farli rientrare se qualcuno ha un giorno di febbre, tossisce o ha il mal di gola.\u00a0 C&#8217;\u00e8 l&#8217;influenza di stagione in arrivo, che al Covid si sovrapporr\u00e0 aggiungendo caos a caos, ma non ci saranno vaccini per tutti tant&#8217;\u00e8 che alcune procure ( quella di Milano ad esempio) gi\u00e0 ha aperto fascicoli per capire come possa essere successo. Ci sono regioni che vanno da s\u00e8 (e non \u00e8 una novit\u00e0) e che gi\u00e0 pensano a nuovi lockdown ( la Campania)\u00a0 senza contare che nelle situazioni di emergenza sarebbe meglio stare tutti il pi\u00f9 uniti possibile e che le fughe in avanti sono pi\u00f9 pericolose che mai. C&#8217;\u00e8 un governo che ha prorogato fino a gennaio lo stato di emergenza, che con un il suo ministro degli interni si prepara a &#8221; rimodulare la presenza dei militari nelle citta&#8221; per intensificare i controlli anti-assembramento e che nei prossimi mesi potrebbe riproporre l&#8217;uso sistematico e dubbiamente legittimo dei Dpcm\u00a0 tanto cari al presidente Conte. C&#8217;\u00e8 una curva dei contagi che sale senza troppe storie e che in Lombardia, tanto per fare un esempio, in tre giorni \u00e8 triplicata. E si potrebbe continuare. Ci\u00f2 detto viene da chiedersi che senso abbia continuare discutere se Juventus -Napoli debba essere rigiocata, se assegnata a tavolino o chiss\u00e0 cosa&#8217;altro ancora. Se il derby Milan- Inter vada posticipato, sospeso o annullato. Se il Giro debba continuare o fermarsi.\u00a0 \u00a0Viene da chiedersi se sia logico, giusto e se ne valga la pena. Ma soprattutto se queste ora sono le priorit\u00e0&#8230;<\/p>\n","protected":false},"excerpt":{"rendered":"<p><p>La Roubaix non si corre, troppi 20mila contagi al giorno per insistere. E noi? Noi che facciamo con il campionato di calcio, con il Giro d&#8217;Italia, con le manifestazioni sportive in genere? Si va avanti? Chiedere \u00e8 lecito. C&#8217;\u00e8 un Paese che fa file di ore per i tamponi che sono purtroppo un &#8220;genere scarso&#8221;, cio\u00e8 non ce ne sono a sufficienza per tutti ed grave perch\u00e8 si poteva prevedere che con una seconda ondata si sarebbero dovuti fare i conti. C&#8217;\u00e8 una scuola nel caos, con ragazzi che, dall&#8217;inizio dell&#8217;anno, sono andati in classe una settimana scarsa, perch\u00e8 non [&hellip;]<\/p>\n&nbsp;&nbsp;<div class=\"readmore\"><a href=\"https:\/\/blog.ilgiornale.it\/ruzzo\/2020\/10\/09\/la-roubaix-si-arrende-e-noi\/\">Continua a leggere...<\/a><\/div><\/p>","protected":false},"author":956,"featured_media":0,"comment_status":"open","ping_status":"closed","sticky":false,"template":"","format":"standard","meta":[],"categories":[1],"tags":[],"_links":{"self":[{"href":"https:\/\/blog.ilgiornale.it\/ruzzo\/wp-json\/wp\/v2\/posts\/28588"}],"collection":[{"href":"https:\/\/blog.ilgiornale.it\/ruzzo\/wp-json\/wp\/v2\/posts"}],"about":[{"href":"https:\/\/blog.ilgiornale.it\/ruzzo\/wp-json\/wp\/v2\/types\/post"}],"author":[{"embeddable":true,"href":"https:\/\/blog.ilgiornale.it\/ruzzo\/wp-json\/wp\/v2\/users\/956"}],"replies":[{"embeddable":true,"href":"https:\/\/blog.ilgiornale.it\/ruzzo\/wp-json\/wp\/v2\/comments?post=28588"}],"version-history":[{"count":4,"href":"https:\/\/blog.ilgiornale.it\/ruzzo\/wp-json\/wp\/v2\/posts\/28588\/revisions"}],"predecessor-version":[{"id":28593,"href":"https:\/\/blog.ilgiornale.it\/ruzzo\/wp-json\/wp\/v2\/posts\/28588\/revisions\/28593"}],"wp:attachment":[{"href":"https:\/\/blog.ilgiornale.it\/ruzzo\/wp-json\/wp\/v2\/media?parent=28588"}],"wp:term":[{"taxonomy":"category","embeddable":true,"href":"https:\/\/blog.ilgiornale.it\/ruzzo\/wp-json\/wp\/v2\/categories?post=28588"},{"taxonomy":"post_tag","embeddable":true,"href":"https:\/\/blog.ilgiornale.it\/ruzzo\/wp-json\/wp\/v2\/tags?post=28588"}],"curies":[{"name":"wp","href":"https:\/\/api.w.org\/{rel}","templated":true}]}}