{"id":28600,"date":"2020-10-11T16:52:00","date_gmt":"2020-10-11T14:52:00","guid":{"rendered":"https:\/\/blog.ilgiornale.it\/ruzzo\/?p=28600"},"modified":"2020-10-11T19:39:18","modified_gmt":"2020-10-11T17:39:18","slug":"mascherina-e-attivita-motoria-tra-caos-e-follia","status":"publish","type":"post","link":"https:\/\/blog.ilgiornale.it\/ruzzo\/2020\/10\/11\/mascherina-e-attivita-motoria-tra-caos-e-follia\/","title":{"rendered":"Mascherina e attivit\u00e0 motoria tra caos e follia"},"content":{"rendered":"<p><a href=\"https:\/\/blog.ilgiornale.it\/ruzzo\/2020\/10\/11\/mascherina-e-attivita-motoria-tra-caos-e-follia\/masc\/\" rel=\"attachment wp-att-28602\"><img loading=\"lazy\" class=\"alignleft size-medium wp-image-28602\" src=\"https:\/\/blog.ilgiornale.it\/ruzzo\/files\/2020\/10\/masc-300x220.png\" alt=\"\" width=\"300\" height=\"220\" srcset=\"https:\/\/blog.ilgiornale.it\/ruzzo\/files\/2020\/10\/masc-300x220.png 300w, https:\/\/blog.ilgiornale.it\/ruzzo\/files\/2020\/10\/masc.png 656w\" sizes=\"(max-width: 300px) 100vw, 300px\" \/><\/a>Ci risiamo. La storia (recente) evidentemente non ha insegnato nulla. Non \u00e8 servito il caos\u00a0 e l&#8217;incertezza che disposizioni spesso incomprensibili, confuse e contraddittorie hanno generato mesi fa quando si \u00e8 cominciato a fare i conti con questo virus e con chiusure, divieti e lockdown.\u00a0 Siamo punto e a capo pare.\u00a0 La circolare firmata nella serata di ieri dal capo di Gabinetto <strong>Bruno Frattasi<\/strong> con la quale vengono dati dei chiarimenti ai prefetti sul decreto legge approvato il 7 ottobre scorso prevede l&#8217;uso obbligatorio della mascherina per chi fa attivit\u00e0 motoria all&#8217;aperto.Che \u00e8 assolutamente folle perch\u00e8 correre e far sport con la mascherina, come hanno sempre spiegato medici e allenatori, \u00e8 dannoso e pericoloso.\u00a0 Il Viminale\u00a0 &#8220;esenta dall&#8217;obbligo di utilizzo &#8211; scrive Frattasi &#8211; solo coloro che abbiano in corso l&#8217;attivit\u00e0 sportiva e non quella motoria, non esonerata, invece, dall&#8217;obbligo in questione&#8221;. Nelle bozze del decreto circolate nei giorni scorsi era scritto che dall&#8217;obbligo di utilizzare la mascherina erano esentati &#8220;i soggetti che stanno svolgendo attivit\u00e0 sportiva o motoria&#8221; ma nel testo pubblicato in Gazzetta l&#8217;esenzione \u00e8 rimasta solo per coloro che fanno attivit\u00e0 sportiva. Secondo la definizione del Ministero della Salute, l'&#8221;attivit\u00e0 motoria\u201d sta a indicare l&#8217;attivit\u00e0 fisica, ovvero \u201cqualunque movimento determinato dal sistema muscolo-scheletrico che si traduce in un dispendio energetico superiore a quello delle condizioni di riposo.\u201d Mentre l&#8217;attivit\u00e0 sportiva\u201ccomprende situazioni competitive strutturate e sottoposte a regole ben precise&#8221;. Ma poi arriva un&#8217;aggiunta dall&#8217;ufficio stampa del ministero dell&#8217;Interno: \u00abCon riferimento all\u2019obbligo di indossare la mascherina nel corso dello svolgimento di attivit\u00e0\u00a0 <span style=\"color: #000000\">motoria<\/span>, per tale attivit\u00e0, deve intendersi la mera passeggiata e non la corsa, anche quella svolta con finalit\u00e0 amatoriali, in quanto riconducibile ad attivit\u00e0 sportiva. Quindi jogging e footing potranno continuare a svolgersi senza obbligo di mascherina\u00bb.\u00a0 \u00a0Ma forse che la si vieti o meno, che si obblighi o meno ad indossarla o a portarla semplicemente con s\u00e8, che si corra davvero si faccia semplicemente jogging o si cammini velocemente\u00a0 la questione \u00e8 un&#8217;altra.\u00a0 Ci\u00f2 che \u00e8 stato non \u00e8 servito a nulla. Una emergenza andrebbe affrontata con disposizioni univoche e chiare e, se serve, anche impopolari ma che non diano adito a nessun dubbio.\u00a0 Incompetenza e ambiguit\u00e0 forse sono peggio del virus&#8230;<\/p>\n","protected":false},"excerpt":{"rendered":"<p><p>Ci risiamo. La storia (recente) evidentemente non ha insegnato nulla. Non \u00e8 servito il caos\u00a0 e l&#8217;incertezza che disposizioni spesso incomprensibili, confuse e contraddittorie hanno generato mesi fa quando si \u00e8 cominciato a fare i conti con questo virus e con chiusure, divieti e lockdown.\u00a0 Siamo punto e a capo pare.\u00a0 La circolare firmata nella serata di ieri dal capo di Gabinetto Bruno Frattasi con la quale vengono dati dei chiarimenti ai prefetti sul decreto legge approvato il 7 ottobre scorso prevede l&#8217;uso obbligatorio della mascherina per chi fa attivit\u00e0 motoria all&#8217;aperto.Che \u00e8 assolutamente folle perch\u00e8 correre e far sport [&hellip;]<\/p>\n&nbsp;&nbsp;<div class=\"readmore\"><a href=\"https:\/\/blog.ilgiornale.it\/ruzzo\/2020\/10\/11\/mascherina-e-attivita-motoria-tra-caos-e-follia\/\">Continua a leggere...<\/a><\/div><\/p>","protected":false},"author":956,"featured_media":0,"comment_status":"open","ping_status":"closed","sticky":false,"template":"","format":"standard","meta":[],"categories":[1],"tags":[],"_links":{"self":[{"href":"https:\/\/blog.ilgiornale.it\/ruzzo\/wp-json\/wp\/v2\/posts\/28600"}],"collection":[{"href":"https:\/\/blog.ilgiornale.it\/ruzzo\/wp-json\/wp\/v2\/posts"}],"about":[{"href":"https:\/\/blog.ilgiornale.it\/ruzzo\/wp-json\/wp\/v2\/types\/post"}],"author":[{"embeddable":true,"href":"https:\/\/blog.ilgiornale.it\/ruzzo\/wp-json\/wp\/v2\/users\/956"}],"replies":[{"embeddable":true,"href":"https:\/\/blog.ilgiornale.it\/ruzzo\/wp-json\/wp\/v2\/comments?post=28600"}],"version-history":[{"count":8,"href":"https:\/\/blog.ilgiornale.it\/ruzzo\/wp-json\/wp\/v2\/posts\/28600\/revisions"}],"predecessor-version":[{"id":28609,"href":"https:\/\/blog.ilgiornale.it\/ruzzo\/wp-json\/wp\/v2\/posts\/28600\/revisions\/28609"}],"wp:attachment":[{"href":"https:\/\/blog.ilgiornale.it\/ruzzo\/wp-json\/wp\/v2\/media?parent=28600"}],"wp:term":[{"taxonomy":"category","embeddable":true,"href":"https:\/\/blog.ilgiornale.it\/ruzzo\/wp-json\/wp\/v2\/categories?post=28600"},{"taxonomy":"post_tag","embeddable":true,"href":"https:\/\/blog.ilgiornale.it\/ruzzo\/wp-json\/wp\/v2\/tags?post=28600"}],"curies":[{"name":"wp","href":"https:\/\/api.w.org\/{rel}","templated":true}]}}