{"id":28636,"date":"2020-10-19T17:22:10","date_gmt":"2020-10-19T15:22:10","guid":{"rendered":"https:\/\/blog.ilgiornale.it\/ruzzo\/?p=28636"},"modified":"2020-10-19T18:58:20","modified_gmt":"2020-10-19T16:58:20","slug":"triathlon-di-porto-recanati-premio-al-coraggio-di-chi-non-si-arrende","status":"publish","type":"post","link":"https:\/\/blog.ilgiornale.it\/ruzzo\/2020\/10\/19\/triathlon-di-porto-recanati-premio-al-coraggio-di-chi-non-si-arrende\/","title":{"rendered":"Triathlon di Porto Recanati, premio al coraggio di chi non si arrende"},"content":{"rendered":"<p style=\"text-align: right\"><a href=\"https:\/\/blog.ilgiornale.it\/ruzzo\/2020\/10\/19\/triathlon-di-porto-recanati-premio-al-coraggio-di-chi-non-si-arrende\/triportorecanati2020_ruedibike-682x1024\/\" rel=\"attachment wp-att-28643\"><img loading=\"lazy\" class=\"alignleft size-medium wp-image-28643\" src=\"https:\/\/blog.ilgiornale.it\/ruzzo\/files\/2020\/10\/TriPortoRecanati2020_RuediBike-682x1024-1-200x300.jpeg\" alt=\"\" width=\"200\" height=\"300\" srcset=\"https:\/\/blog.ilgiornale.it\/ruzzo\/files\/2020\/10\/TriPortoRecanati2020_RuediBike-682x1024-1-200x300.jpeg 200w, https:\/\/blog.ilgiornale.it\/ruzzo\/files\/2020\/10\/TriPortoRecanati2020_RuediBike-682x1024-1.jpeg 682w\" sizes=\"(max-width: 200px) 100vw, 200px\" \/><\/a>Andrebbero premiate la passione e la tenacia. Sempre, di questi tempi. Passione e tenacia di chi si mette in gioco, di chi gareggia ma soprattutto di chi permette che tutto ci\u00f2 accada. Non \u00e8 un bel momento. Sullo sport incombe la pandemia ma soprattutto incombe la mannaia dei decreti ministeriali che hanno imposto protocolli rigidi e complicati che hanno costretto tanti organizzatori ad alzare bandiera bianca. E allora\u00a0 ogni sfida diventa doppia. Diventa un atto di coraggio di chi non vuole arrendersi al virus, di chi crede che lo sport (tutto) non sia solo il divertimento di qualche fissato ma una pratica sociale necessaria al benessere delle persone e di un Paese. La quarta edizione del <strong>Triathlon olimpico di Porto Recanati,<\/strong>\u00a0 terza tappa dopo Alba Adriatica e Cervia dell&#8217; <strong>Adriatic Series<\/strong> organizzata da <strong>Flipper Triathlon<\/strong> di Grottammare, \u00e8 la prova provata che passione e tenacia muovono il mondo. Pi\u00f9 di trecento atleti al via in una giornata di sport che per molti \u00e8 quasi una liberazione dagli incubi, dai bollettini dei contagi, dal peso di una situazione che sta tornando a complicarsi. Difficile gareggiare quest&#8217;anno, quindi quando capita l&#8217;emozione vale il doppio, il triplo, non ha prezzo. Difficile garantire ci\u00f2 che questo virus ha codificato in una serie di comportamenti che con lo sport cozzano perch\u00e8 lo sport \u00e8 socialit\u00e0, sono lacrime e fatica ma sono soprattutto abbracci e sorrisi che \u00e8 un peccato nascondere dietro una mascherina. Ma ci\u00f2 bisogna fare e ci\u00f2 si fa. Cos\u00ec a Porto Recanati \u00e8 tutto come deve essere: perfetta la logistica, perfetto lo staff, perfetti anche gli atleti che non si fanno pregare per stare alle regole. \u00abSono davvero felicissimo per questa sta bellissima giornata di sport che abbiamo condiviso insieme, grazie all\u2019ospitalit\u00e0, alla disponibilit\u00e0 e al supporto del Comune di Porto Recanati e dei nostri partner- spiega <strong>Raffaele Avigliano,<\/strong> presidente del Flipper triathlon- Ringrazio ad uno ad uno tutti gli atleti\u00a0 che sono venuti qui cos\u00ec come ringrazio tutto il mio team che ancora una volta \u00e8 riuscito a svolgere un grande lavoro per far s\u00ec che tutto si svolgesse in piena sicurezza. Sono orgoglioso del cuore Flipper che tutto lo staff, anche in questa occasione, ci ha messo, il bilancio finale \u00e8 davvero soddisfacente. E ora siamo pronti per i prossimi appuntamenti&#8221;. Che la settimana prossima, \u00a0il 24 e 25 ottobre a San Benedetto del Tronto, vedranno misurarsi i pi\u00f9 forti atleti italiani nei i Campionati Italiani di Paratriathlon e\u00a0 in quelli di Triathlon Olimpico.\u00a0 Per la cronava va detto che a Porto Recanati tra gli uomini ha vinto lo svizzero <strong>Ruedi Wild <\/strong>davanti al magiaro \u00a0<strong>Balacs Csoke\u00a0 <\/strong>e all&#8217;italiano\u00a0<strong>Mauro Pera<\/strong>. Tra le donne prima \u00e8 arrivata <strong>Gloria Cisotto<\/strong> davanti a \u00a0<strong>Giorgia Bandini<\/strong>, e a<strong>Valentina Odaldi.\u00a0 <\/strong>Applausi per tutti in una fantastica giornata di sole. Che non \u00e8 un caso. Che \u00e8 l&#8217;auspicio che tutto passi il pi\u00f9 in fretta possibile. Che \u00e8 la dimostrazione che quando le cose si fanno con passione\u00a0 e tenacia lass\u00f9 qualcuno se ne accorge.<\/p>\n","protected":false},"excerpt":{"rendered":"<p><p>Andrebbero premiate la passione e la tenacia. Sempre, di questi tempi. Passione e tenacia di chi si mette in gioco, di chi gareggia ma soprattutto di chi permette che tutto ci\u00f2 accada. Non \u00e8 un bel momento. Sullo sport incombe la pandemia ma soprattutto incombe la mannaia dei decreti ministeriali che hanno imposto protocolli rigidi e complicati che hanno costretto tanti organizzatori ad alzare bandiera bianca. E allora\u00a0 ogni sfida diventa doppia. Diventa un atto di coraggio di chi non vuole arrendersi al virus, di chi crede che lo sport (tutto) non sia solo il divertimento di qualche fissato ma [&hellip;]<\/p>\n&nbsp;&nbsp;<div class=\"readmore\"><a href=\"https:\/\/blog.ilgiornale.it\/ruzzo\/2020\/10\/19\/triathlon-di-porto-recanati-premio-al-coraggio-di-chi-non-si-arrende\/\">Continua a leggere...<\/a><\/div><\/p>","protected":false},"author":956,"featured_media":0,"comment_status":"open","ping_status":"closed","sticky":false,"template":"","format":"standard","meta":[],"categories":[1],"tags":[],"_links":{"self":[{"href":"https:\/\/blog.ilgiornale.it\/ruzzo\/wp-json\/wp\/v2\/posts\/28636"}],"collection":[{"href":"https:\/\/blog.ilgiornale.it\/ruzzo\/wp-json\/wp\/v2\/posts"}],"about":[{"href":"https:\/\/blog.ilgiornale.it\/ruzzo\/wp-json\/wp\/v2\/types\/post"}],"author":[{"embeddable":true,"href":"https:\/\/blog.ilgiornale.it\/ruzzo\/wp-json\/wp\/v2\/users\/956"}],"replies":[{"embeddable":true,"href":"https:\/\/blog.ilgiornale.it\/ruzzo\/wp-json\/wp\/v2\/comments?post=28636"}],"version-history":[{"count":13,"href":"https:\/\/blog.ilgiornale.it\/ruzzo\/wp-json\/wp\/v2\/posts\/28636\/revisions"}],"predecessor-version":[{"id":28652,"href":"https:\/\/blog.ilgiornale.it\/ruzzo\/wp-json\/wp\/v2\/posts\/28636\/revisions\/28652"}],"wp:attachment":[{"href":"https:\/\/blog.ilgiornale.it\/ruzzo\/wp-json\/wp\/v2\/media?parent=28636"}],"wp:term":[{"taxonomy":"category","embeddable":true,"href":"https:\/\/blog.ilgiornale.it\/ruzzo\/wp-json\/wp\/v2\/categories?post=28636"},{"taxonomy":"post_tag","embeddable":true,"href":"https:\/\/blog.ilgiornale.it\/ruzzo\/wp-json\/wp\/v2\/tags?post=28636"}],"curies":[{"name":"wp","href":"https:\/\/api.w.org\/{rel}","templated":true}]}}