{"id":28653,"date":"2020-10-20T23:50:56","date_gmt":"2020-10-20T21:50:56","guid":{"rendered":"https:\/\/blog.ilgiornale.it\/ruzzo\/?p=28653"},"modified":"2020-10-21T00:33:58","modified_gmt":"2020-10-20T22:33:58","slug":"lo-sport-ci-da-speranza-minuscolo","status":"publish","type":"post","link":"https:\/\/blog.ilgiornale.it\/ruzzo\/2020\/10\/20\/lo-sport-ci-da-speranza-minuscolo\/","title":{"rendered":"Lo sport d\u00e0 speranza (minuscolo)"},"content":{"rendered":"<p>Lo sport resiste. Ci prova almeno. Ci prova il Giro tra tamponi, positivi, squadre che si ritirano, ciclisti\u00a0 che trattengono il fiato e incrociano le dita. Ci prova il calcio con gli stadi vuoti, mezze squadre in quarantena, inutili polemiche tra leghe, societ\u00e0, asl e presidenti. Ci vorrebbero tanto provare anche provare anche amatori e dilettanti che per\u00f2 il Dpcm del presidente Conte ha messo fuorigioco. Ma soprattutto vorrebbero tanto resistere tutti quei ragazzi che ogni giorno vanno al campo, in piscina, in bici, corrono, sudano in pista&#8230;insomma si allenano.\u00a0 &#8220;Se guardo i numeri degli altri Paesi le nuove misure sono necessarie per evitare di arrivare a quei livelli- ha spiegato il ministro della Salute Roberto Speranza-\u00a0 L&#8217;idea di base \u00e8 l&#8217;irrigidimento delle misure con una distinzione di base tra attivit\u00e0 essenziali e non essenziali perch\u00e9 abbiamo necessit\u00e0 di limitare i contagi. Interveniamo adesso con pi\u00f9 forza sulle cose non essenziali per evitare di dover incidere domani sull&#8217;essenziale che per il governo \u00e8 rappresentato da lavoro e scuola&#8230;&#8221;. Come dargli torto. Ma forse sfugge un dettaglio. Lo sport per i ragazzi non \u00e8 solo divertimento ma fa parte della crescita di ognuno.\u00a0 Permette di socializzare, di capire quanto sia importante il rispetto delle regole, la perseveranza, la conoscenza di s\u00e9 stessi e dei propri limiti, per affrontarli e superarli. Lo sport non \u00e8 un hobby. Certo, non \u00e8 facile per chi governa venire a capo di un&#8217;emergenza come questa. Qualunque sia la decisione si rischia di sbagliare. Ma \u00e8 un errore anche considerare la pratica sportiva un&#8217;attivit\u00e0 non essenziale come invece sono scuola e lavoro, anche perch\u00e8 lo sport per tantissime persone \u00e8 lavoro. E se le scuole\u00a0 e il lavoro vanno difesi fino all&#8217;ultima stilla di energia la stessa cosa si deve fare per la pratica sportiva dei giovani cercando con ogni mezzo di renderla sicura, protetta, non fonte di contagio. Lo sport in un momento come questo d\u00e0 sollievo ma soprattutto d\u00e0 speranza. Scritto con la minuscola&#8230;<\/p>\n<p>&nbsp;<\/p>\n<p>&nbsp;<\/p>\n","protected":false},"excerpt":{"rendered":"<p><p>Lo sport resiste. Ci prova almeno. Ci prova il Giro tra tamponi, positivi, squadre che si ritirano, ciclisti\u00a0 che trattengono il fiato e incrociano le dita. Ci prova il calcio con gli stadi vuoti, mezze squadre in quarantena, inutili polemiche tra leghe, societ\u00e0, asl e presidenti. Ci vorrebbero tanto provare anche provare anche amatori e dilettanti che per\u00f2 il Dpcm del presidente Conte ha messo fuorigioco. Ma soprattutto vorrebbero tanto resistere tutti quei ragazzi che ogni giorno vanno al campo, in piscina, in bici, corrono, sudano in pista&#8230;insomma si allenano.\u00a0 &#8220;Se guardo i numeri degli altri Paesi le nuove misure [&hellip;]<\/p>\n&nbsp;&nbsp;<div class=\"readmore\"><a href=\"https:\/\/blog.ilgiornale.it\/ruzzo\/2020\/10\/20\/lo-sport-ci-da-speranza-minuscolo\/\">Continua a leggere...<\/a><\/div><\/p>","protected":false},"author":956,"featured_media":0,"comment_status":"open","ping_status":"closed","sticky":false,"template":"","format":"standard","meta":[],"categories":[1],"tags":[],"_links":{"self":[{"href":"https:\/\/blog.ilgiornale.it\/ruzzo\/wp-json\/wp\/v2\/posts\/28653"}],"collection":[{"href":"https:\/\/blog.ilgiornale.it\/ruzzo\/wp-json\/wp\/v2\/posts"}],"about":[{"href":"https:\/\/blog.ilgiornale.it\/ruzzo\/wp-json\/wp\/v2\/types\/post"}],"author":[{"embeddable":true,"href":"https:\/\/blog.ilgiornale.it\/ruzzo\/wp-json\/wp\/v2\/users\/956"}],"replies":[{"embeddable":true,"href":"https:\/\/blog.ilgiornale.it\/ruzzo\/wp-json\/wp\/v2\/comments?post=28653"}],"version-history":[{"count":6,"href":"https:\/\/blog.ilgiornale.it\/ruzzo\/wp-json\/wp\/v2\/posts\/28653\/revisions"}],"predecessor-version":[{"id":28661,"href":"https:\/\/blog.ilgiornale.it\/ruzzo\/wp-json\/wp\/v2\/posts\/28653\/revisions\/28661"}],"wp:attachment":[{"href":"https:\/\/blog.ilgiornale.it\/ruzzo\/wp-json\/wp\/v2\/media?parent=28653"}],"wp:term":[{"taxonomy":"category","embeddable":true,"href":"https:\/\/blog.ilgiornale.it\/ruzzo\/wp-json\/wp\/v2\/categories?post=28653"},{"taxonomy":"post_tag","embeddable":true,"href":"https:\/\/blog.ilgiornale.it\/ruzzo\/wp-json\/wp\/v2\/tags?post=28653"}],"curies":[{"name":"wp","href":"https:\/\/api.w.org\/{rel}","templated":true}]}}