{"id":28707,"date":"2020-10-26T21:16:12","date_gmt":"2020-10-26T20:16:12","guid":{"rendered":"https:\/\/blog.ilgiornale.it\/ruzzo\/?p=28707"},"modified":"2020-10-26T21:16:12","modified_gmt":"2020-10-26T20:16:12","slug":"sileri-su-contagi-in-piscine-e-palestre-non-conosco-i-dati","status":"publish","type":"post","link":"https:\/\/blog.ilgiornale.it\/ruzzo\/2020\/10\/26\/sileri-su-contagi-in-piscine-e-palestre-non-conosco-i-dati\/","title":{"rendered":"Sileri su contagi in piscine e palestre? &#8221; Non conosco i dati&#8230;&#8221;"},"content":{"rendered":"<p><a href=\"https:\/\/blog.ilgiornale.it\/ruzzo\/2020\/05\/16\/piscine-pronti-a-nuotare-ma-non-sara-facile\/nuoto-bambini-ragazzi-dds-milano\/\" rel=\"attachment wp-att-27830\"><img loading=\"lazy\" class=\"alignleft size-medium wp-image-27830\" src=\"https:\/\/blog.ilgiornale.it\/ruzzo\/files\/2020\/05\/nuoto-bambini-ragazzi-dds-milano-300x92.jpg\" alt=\"\" width=\"300\" height=\"92\" srcset=\"https:\/\/blog.ilgiornale.it\/ruzzo\/files\/2020\/05\/nuoto-bambini-ragazzi-dds-milano-300x92.jpg 300w, https:\/\/blog.ilgiornale.it\/ruzzo\/files\/2020\/05\/nuoto-bambini-ragazzi-dds-milano-1024x313.jpg 1024w, https:\/\/blog.ilgiornale.it\/ruzzo\/files\/2020\/05\/nuoto-bambini-ragazzi-dds-milano.jpg 1440w\" sizes=\"(max-width: 300px) 100vw, 300px\" \/><\/a>\u201cIl 25 marzo 2023, quando sar\u00e0 finito tutto questo, mi trover\u00e0 al San Raffaele di Milano, dove ho vinto un concorso del 2016\u201d. Cos\u00ec, su Libero, oggi il vice ministro della Salute <strong>Pierpaolo Sileri<\/strong> parla del suo ritorno alla professione\u00a0 una volta terminata la propria esperienza politica. Scelte insindacabili, ci mancherebbe, che gli fanno onore perch\u00e8 finora si \u00e8 sempre dimostrato sul pezzo e perch\u00e8 manifestano la volont\u00e0 non voler continuare a vivere in Parlamento <em>vita natural durante<\/em> quando non si ha pi\u00f9 molto da dire o da fare.\u00a0 Le scelte su cui invece qualcosa da &#8220;sindacare&#8221; c&#8217;\u00e8 sono quelle che, con l&#8217;ultimo dpcm, il presidente <strong>Giuseppe Conte<\/strong>, il suo governo (quindi i suoi ministri e i suoi viceministri) stanno prendendo\u00a0 per fronteggiare una pandemia che, obbiettivamente, non \u00e8 facile da fronteggiare. Non si parla i lockdown ma da oggi\u00a0 per scuole,\u00a0 bar,\u00a0 ristoranti e per molti altre attivit\u00e0 \u00e8 arrivato un mezzo stop che in realt\u00e0 \u00e8 uno stop completo perch\u00e8 per la maggiorparte \u00e8 pi\u00f9 conveniente tener gi\u00f9 le serrande tutto il giorno che aperte a met\u00e0.\u00a0 Un discorso a parte merita lo sport: palestre, piscine, centri sportivi, campi, campetti di allenamento insomma tutto quel movimento di dilettanti, appassionati, ragazzi, ragazzini che sono la base di un movimento fondamentale per la crescita del movimento sportivo agonistico nazionale\u00a0 ma soprattutto per la crescita sociale, culturale e civile di un Paese. Chi governa, purtroppo,\u00a0 si ostina a considerare lo sport di base come lo sfizio di un manipolo di fissati un po&#8217; avanti con l&#8217;et\u00e0 e che non vogliono invecchiare, l&#8217;attivit\u00e0 a tempo perso per buttar via qualche chilo o i sensi di colpa, la zona di parcheggio utilizzata dalle famiglie che non sanno dove\u00a0 lasciare i figli. Cos\u00ec ovviamente non \u00e8 ma soprattutto palestre, piscine, impianti sportivi sono essi pure lavoro con aziende strutturate,\u00a0 imprenditori che hanno investito,\u00a0 stipendi, dipendenti che tengono famiglia e via cos\u00ec. Chiaro quindi che se con un dpcm si decide di chiudere tutto perch\u00e8 cos\u00ec impone l&#8217;emergenza sanitaria uno prova a farsene una ragione ma soprattutto spera che, prima di arrivare ad un passo simile, chi doveva decidere ci abbia pensato non una ma mille volte. Pensa a riunioni infinite, vertici, febbrili scambi di pareri, di informazioni, di dati. A unit\u00e0 di crisi, contatti tra le segreterie dei ministri, dei viceministri. Insomma pensa&#8230;.\u00a0 E allora torna in ballo il viceministro<strong> Sileri<\/strong> di cui si parlava all&#8217;inizio.\u00a0 Perch\u00e8 stamattina su <strong>Radio 24<\/strong>, interpellato sulla chiusura di palestre e piscine e sulla relazione tra queste attivit\u00e0 sportive e la diffusione del contagio ha ammesso con candore che lui i dati proprio non li aveva visti: &#8221; Immagino che siano in possesso del Comitato tecnico scientifico ma io non li ho visti- ha spiegato- Vengono presentati tra il gioved\u00ec e il venerd\u00ec ma l\u2019analisi accurata delle varie attivit\u00e0 divisa per settore immagino sia in seno al Cts, io ricevo delle analisi generali. Al Cts e all\u2019Istituto Superiore di Sanit\u00e0 arrivano i dati prodotti dalle Regioni, immagino abbiano tutte le attivit\u00e0 di contact tracing che consentano di capire dov\u2019\u00e8 l\u2019origine del contagio e stabilire i rischi stimati\u00bb. Immagino, credo, penso&#8230;Tutti verbi che stonano con decisioni cos\u00ec gravi. Che magari non prende Sileri in prima persona ma che comunque \u00e8 tenuto a conoscere perch\u00e8 per ora \u00e8 ancora il viceministro della Salute non un medico dipendente del San Raffaele che \u00e8 passato al Ministero per salutare gli amici.<\/p>\n","protected":false},"excerpt":{"rendered":"<p><p>\u201cIl 25 marzo 2023, quando sar\u00e0 finito tutto questo, mi trover\u00e0 al San Raffaele di Milano, dove ho vinto un concorso del 2016\u201d. Cos\u00ec, su Libero, oggi il vice ministro della Salute Pierpaolo Sileri parla del suo ritorno alla professione\u00a0 una volta terminata la propria esperienza politica. Scelte insindacabili, ci mancherebbe, che gli fanno onore perch\u00e8 finora si \u00e8 sempre dimostrato sul pezzo e perch\u00e8 manifestano la volont\u00e0 non voler continuare a vivere in Parlamento vita natural durante quando non si ha pi\u00f9 molto da dire o da fare.\u00a0 Le scelte su cui invece qualcosa da &#8220;sindacare&#8221; c&#8217;\u00e8 sono quelle [&hellip;]<\/p>\n&nbsp;&nbsp;<div class=\"readmore\"><a href=\"https:\/\/blog.ilgiornale.it\/ruzzo\/2020\/10\/26\/sileri-su-contagi-in-piscine-e-palestre-non-conosco-i-dati\/\">Continua a leggere...<\/a><\/div><\/p>","protected":false},"author":956,"featured_media":0,"comment_status":"open","ping_status":"closed","sticky":false,"template":"","format":"standard","meta":[],"categories":[1],"tags":[],"_links":{"self":[{"href":"https:\/\/blog.ilgiornale.it\/ruzzo\/wp-json\/wp\/v2\/posts\/28707"}],"collection":[{"href":"https:\/\/blog.ilgiornale.it\/ruzzo\/wp-json\/wp\/v2\/posts"}],"about":[{"href":"https:\/\/blog.ilgiornale.it\/ruzzo\/wp-json\/wp\/v2\/types\/post"}],"author":[{"embeddable":true,"href":"https:\/\/blog.ilgiornale.it\/ruzzo\/wp-json\/wp\/v2\/users\/956"}],"replies":[{"embeddable":true,"href":"https:\/\/blog.ilgiornale.it\/ruzzo\/wp-json\/wp\/v2\/comments?post=28707"}],"version-history":[{"count":3,"href":"https:\/\/blog.ilgiornale.it\/ruzzo\/wp-json\/wp\/v2\/posts\/28707\/revisions"}],"predecessor-version":[{"id":28710,"href":"https:\/\/blog.ilgiornale.it\/ruzzo\/wp-json\/wp\/v2\/posts\/28707\/revisions\/28710"}],"wp:attachment":[{"href":"https:\/\/blog.ilgiornale.it\/ruzzo\/wp-json\/wp\/v2\/media?parent=28707"}],"wp:term":[{"taxonomy":"category","embeddable":true,"href":"https:\/\/blog.ilgiornale.it\/ruzzo\/wp-json\/wp\/v2\/categories?post=28707"},{"taxonomy":"post_tag","embeddable":true,"href":"https:\/\/blog.ilgiornale.it\/ruzzo\/wp-json\/wp\/v2\/tags?post=28707"}],"curies":[{"name":"wp","href":"https:\/\/api.w.org\/{rel}","templated":true}]}}