{"id":28727,"date":"2020-10-29T18:42:43","date_gmt":"2020-10-29T17:42:43","guid":{"rendered":"https:\/\/blog.ilgiornale.it\/ruzzo\/?p=28727"},"modified":"2020-10-29T18:42:43","modified_gmt":"2020-10-29T17:42:43","slug":"la-uisp-lo-sport-amatoriale-e-in-ginocchio","status":"publish","type":"post","link":"https:\/\/blog.ilgiornale.it\/ruzzo\/2020\/10\/29\/la-uisp-lo-sport-amatoriale-e-in-ginocchio\/","title":{"rendered":"La Uisp: &#8221; Lo sport amatoriale \u00e8 in ginocchio&#8230;&#8221;"},"content":{"rendered":"<p style=\"font-weight: 400\"><a href=\"https:\/\/blog.ilgiornale.it\/ruzzo\/2019\/12\/11\/campaccio-crippa-e-battocletti-al-via\/camp-3\/\" rel=\"attachment wp-att-27159\"><img loading=\"lazy\" class=\"alignright size-medium wp-image-27159\" src=\"https:\/\/blog.ilgiornale.it\/ruzzo\/files\/2019\/12\/camp-300x200.jpg\" alt=\"\" width=\"300\" height=\"200\" srcset=\"https:\/\/blog.ilgiornale.it\/ruzzo\/files\/2019\/12\/camp-300x200.jpg 300w, https:\/\/blog.ilgiornale.it\/ruzzo\/files\/2019\/12\/camp-1024x683.jpg 1024w, https:\/\/blog.ilgiornale.it\/ruzzo\/files\/2019\/12\/camp.jpg 1746w\" sizes=\"(max-width: 300px) 100vw, 300px\" \/><\/a>&#8220;Non pu\u00f2 essere ancora lo sport a pagare le conseguenze delle scelte di un Governo che nei mesi di tregua dati dal virus non \u00e8 stato capace di organizzare adeguati strumenti di prevenzione. Specialmente dopo aver imposto ingenti sforzi economici alle societ\u00e0 e associazioni sportive al fine di poter riaprire, garantendo cos\u00ec i migliori protocolli di prevenzione ai propri sportivi.\u201d\u00a0 Dall&#8217;inizio dell\u2019emergenza sanitaria la <strong>Uisp,<\/strong> l&#8217;Unione Italiana Sport Per tutti, \u00e8 sempre stata sul crinale tra responsabilit\u00e0 verso il bene primario della salute di tutti e il dovere di rappresentanza di un intero settore. Ma dopo il Dpcm del 24 ottobre <strong>Antonio Iannetta,<\/strong> in rappresentanza del Comitato di Milano e in concerto con Uisp Nazionale, afferma con forza il suo no alle incongruenze che emergono da un decreto che non sembra purtroppo risolutivo dal punto di vista sanitario e discrimina un movimento amatoriale e giovanile che rischia di non risollevarsi pi\u00f9.\u00a0\u00a0\u201cLo sport di base ha una valenza trasversale nelle politiche pubbliche a partire da quelle per la salute, ma \u00e8 altrettanto economia sociale, opportunit\u00e0 di lavoro, con pari dignit\u00e0 rispetto alle altre realt\u00e0 produttive del paese- spiega Iannetta- . Gli investimenti che il nostro mondo ha fatto per garantire la sicurezza e la salute dei praticanti e dei cittadini non possono non essere presi in considerazione. Lo sport di base \u00e8 davvero in ginocchio e con lui cadr\u00e0 una parte importante del tessuto sociale italiano.\u201d\u00a0 La Uisp si augura fin da subito interventi consistenti sul piano delle risorse per ristorare tutto il comparto sportivo e chiede al governo cosa \u00e8 stato fatto nei mesi estivi per arrivare preparati alla seconda ondata e quali sono\u00a0 i protocolli di tracciamento e prevenzione\u00a0 messi in atto. &#8220;Ci chiediamo perch\u00e9 ancora oggi non ci siano dei presidi territoriali per assistere i cittadini in materia di sicurezza sanitaria- spiega Iannetta- o perch\u00e8 non si sia pensato a un sistema di test rapidi per chi vuole praticare attivit\u00e0 sportiva all\u2019interno di societ\u00e0 e associazioni. Arrivare a imporre questo lockdown dello sport \u00e8 un fallimento delle politiche nazionali.\u201d<\/p>\n","protected":false},"excerpt":{"rendered":"<p><p>&#8220;Non pu\u00f2 essere ancora lo sport a pagare le conseguenze delle scelte di un Governo che nei mesi di tregua dati dal virus non \u00e8 stato capace di organizzare adeguati strumenti di prevenzione. Specialmente dopo aver imposto ingenti sforzi economici alle societ\u00e0 e associazioni sportive al fine di poter riaprire, garantendo cos\u00ec i migliori protocolli di prevenzione ai propri sportivi.\u201d\u00a0 Dall&#8217;inizio dell\u2019emergenza sanitaria la Uisp, l&#8217;Unione Italiana Sport Per tutti, \u00e8 sempre stata sul crinale tra responsabilit\u00e0 verso il bene primario della salute di tutti e il dovere di rappresentanza di un intero settore. Ma dopo il Dpcm del 24 [&hellip;]<\/p>\n&nbsp;&nbsp;<div class=\"readmore\"><a href=\"https:\/\/blog.ilgiornale.it\/ruzzo\/2020\/10\/29\/la-uisp-lo-sport-amatoriale-e-in-ginocchio\/\">Continua a leggere...<\/a><\/div><\/p>","protected":false},"author":956,"featured_media":0,"comment_status":"open","ping_status":"closed","sticky":false,"template":"","format":"standard","meta":[],"categories":[1],"tags":[],"_links":{"self":[{"href":"https:\/\/blog.ilgiornale.it\/ruzzo\/wp-json\/wp\/v2\/posts\/28727"}],"collection":[{"href":"https:\/\/blog.ilgiornale.it\/ruzzo\/wp-json\/wp\/v2\/posts"}],"about":[{"href":"https:\/\/blog.ilgiornale.it\/ruzzo\/wp-json\/wp\/v2\/types\/post"}],"author":[{"embeddable":true,"href":"https:\/\/blog.ilgiornale.it\/ruzzo\/wp-json\/wp\/v2\/users\/956"}],"replies":[{"embeddable":true,"href":"https:\/\/blog.ilgiornale.it\/ruzzo\/wp-json\/wp\/v2\/comments?post=28727"}],"version-history":[{"count":1,"href":"https:\/\/blog.ilgiornale.it\/ruzzo\/wp-json\/wp\/v2\/posts\/28727\/revisions"}],"predecessor-version":[{"id":28728,"href":"https:\/\/blog.ilgiornale.it\/ruzzo\/wp-json\/wp\/v2\/posts\/28727\/revisions\/28728"}],"wp:attachment":[{"href":"https:\/\/blog.ilgiornale.it\/ruzzo\/wp-json\/wp\/v2\/media?parent=28727"}],"wp:term":[{"taxonomy":"category","embeddable":true,"href":"https:\/\/blog.ilgiornale.it\/ruzzo\/wp-json\/wp\/v2\/categories?post=28727"},{"taxonomy":"post_tag","embeddable":true,"href":"https:\/\/blog.ilgiornale.it\/ruzzo\/wp-json\/wp\/v2\/tags?post=28727"}],"curies":[{"name":"wp","href":"https:\/\/api.w.org\/{rel}","templated":true}]}}