{"id":2971,"date":"2011-10-19T11:36:01","date_gmt":"2011-10-19T10:36:01","guid":{"rendered":"https:\/\/blog.ilgiornale.it\/ruzzo\/?p=2971"},"modified":"2011-10-22T14:57:58","modified_gmt":"2011-10-22T13:57:58","slug":"anche-linus-e-cassani-al-triathlon-sprint-di-laureus","status":"publish","type":"post","link":"https:\/\/blog.ilgiornale.it\/ruzzo\/2011\/10\/19\/anche-linus-e-cassani-al-triathlon-sprint-di-laureus\/","title":{"rendered":"Anche Linus e Cassani al triathlon sprint di Laureus"},"content":{"rendered":"<p><a href=\"https:\/\/blog.ilgiornale.it\/ruzzo\/files\/2011\/10\/davide_cassani.jpg\"><img loading=\"lazy\" class=\"alignleft size-thumbnail wp-image-2989\" src=\"https:\/\/blog.ilgiornale.it\/ruzzo\/files\/2011\/10\/davide_cassani-150x150.jpg\" alt=\"\" width=\"150\" height=\"150\" \/><\/a><a href=\"https:\/\/blog.ilgiornale.it\/ruzzo\/files\/2011\/10\/dieta-zona_linus.jpg\"><img loading=\"lazy\" class=\"alignleft size-thumbnail wp-image-2990\" src=\"https:\/\/blog.ilgiornale.it\/ruzzo\/files\/2011\/10\/dieta-zona_linus-150x150.jpg\" alt=\"\" width=\"150\" height=\"150\" \/><\/a>Lo scorso anno \u00e8 stato un successo, quindi si replica. Stessa spiaggia stesso mare&#8230;Sabato prossimo alle\u00a0 9 nel\u00a0 centro sportivo Saini a Milano la Fondazione Lureus organizza la seconda edizione del Super Sprint Triathlon: 350 metri a nuoto in piscina olimpionica, 10km di bici nel Parco Forlanini e 2.5km di corsa nel verde intorno all&#8217;impianto. Una gara breve ma intensa e soprattutto una giornata insieme, con i ragazzi Laureus , gli sportivi, i campioni e tutti gli amici dei club sportivi Pro-Patria, Road Runners, DDS e famosi Triatleti per celebrare la vittoria dello sport sul disagio giovanile e per raccogliere fondi e sostenere i ragazzi del progetto \u201cPolisportiva Laureus\u201d a Napoli. Per partecipare sar\u00e0 sufficiente scegliere una batteria ed iscriversi effettuando una donazione che verr\u00e0 interamente investita nel progetto. Si pu\u00f2 scegliere tra la batteria \u201cSportiva\u201d donando 100 euro o la batteria \u201cStaffetta\u201d da dividere con famigliari, amici o colleghi di lavoro donando 150 euro.\u00a0 Sono attesi, campioni che si daranno vera battaglia ma anche\u00a0Vip come Linus e Davide Cassani che ci proveranno. Tra\u00a0chi ha sostenuto l&#8217;iniziativa va ricordato\u00a0Be One Club che insieme con Dibi Milano ha accolto l&#8217;inivito di Fondazione Laureus Italia a partecipare al Supersprint Triathlon dove sar\u00e0 in gara con molti suoi iscritti preparati\u00a0ad hoc\u00a0dai trainer del Club. Ogni &#8220;team&#8221; ha infatti seguito un allenamento specifico per il potenziamento aerobico, fondamentale per superare senza affanni una gara breve ma che richiede una preprazione tecnico-fisica completa. Soprattutto per chi ci si avvicina per la prima volta.<\/p>\n","protected":false},"excerpt":{"rendered":"<p><p>Lo scorso anno \u00e8 stato un successo, quindi si replica. Stessa spiaggia stesso mare&#8230;Sabato prossimo alle\u00a0 9 nel\u00a0 centro sportivo Saini a Milano la Fondazione Lureus organizza la seconda edizione del Super Sprint Triathlon: 350 metri a nuoto in piscina olimpionica, 10km di bici nel Parco Forlanini e 2.5km di corsa nel verde intorno all&#8217;impianto. Una gara breve ma intensa e soprattutto una giornata insieme, con i ragazzi Laureus , gli sportivi, i campioni e tutti gli amici dei club sportivi Pro-Patria, Road Runners, DDS e famosi Triatleti per celebrare la vittoria dello sport sul disagio giovanile e per raccogliere [&hellip;]<\/p>\n&nbsp;&nbsp;<div class=\"readmore\"><a href=\"https:\/\/blog.ilgiornale.it\/ruzzo\/2011\/10\/19\/anche-linus-e-cassani-al-triathlon-sprint-di-laureus\/\">Continua a leggere...<\/a><\/div><\/p>","protected":false},"author":956,"featured_media":0,"comment_status":"open","ping_status":"closed","sticky":false,"template":"","format":"standard","meta":[],"categories":[1],"tags":[],"_links":{"self":[{"href":"https:\/\/blog.ilgiornale.it\/ruzzo\/wp-json\/wp\/v2\/posts\/2971"}],"collection":[{"href":"https:\/\/blog.ilgiornale.it\/ruzzo\/wp-json\/wp\/v2\/posts"}],"about":[{"href":"https:\/\/blog.ilgiornale.it\/ruzzo\/wp-json\/wp\/v2\/types\/post"}],"author":[{"embeddable":true,"href":"https:\/\/blog.ilgiornale.it\/ruzzo\/wp-json\/wp\/v2\/users\/956"}],"replies":[{"embeddable":true,"href":"https:\/\/blog.ilgiornale.it\/ruzzo\/wp-json\/wp\/v2\/comments?post=2971"}],"version-history":[{"count":9,"href":"https:\/\/blog.ilgiornale.it\/ruzzo\/wp-json\/wp\/v2\/posts\/2971\/revisions"}],"predecessor-version":[{"id":2992,"href":"https:\/\/blog.ilgiornale.it\/ruzzo\/wp-json\/wp\/v2\/posts\/2971\/revisions\/2992"}],"wp:attachment":[{"href":"https:\/\/blog.ilgiornale.it\/ruzzo\/wp-json\/wp\/v2\/media?parent=2971"}],"wp:term":[{"taxonomy":"category","embeddable":true,"href":"https:\/\/blog.ilgiornale.it\/ruzzo\/wp-json\/wp\/v2\/categories?post=2971"},{"taxonomy":"post_tag","embeddable":true,"href":"https:\/\/blog.ilgiornale.it\/ruzzo\/wp-json\/wp\/v2\/tags?post=2971"}],"curies":[{"name":"wp","href":"https:\/\/api.w.org\/{rel}","templated":true}]}}