{"id":3008,"date":"2011-10-22T18:12:11","date_gmt":"2011-10-22T17:12:11","guid":{"rendered":"https:\/\/blog.ilgiornale.it\/ruzzo\/?p=3008"},"modified":"2011-10-22T18:50:41","modified_gmt":"2011-10-22T17:50:41","slug":"venezia-a-misura-di-disabile-grazie-alla-maratona","status":"publish","type":"post","link":"https:\/\/blog.ilgiornale.it\/ruzzo\/2011\/10\/22\/venezia-a-misura-di-disabile-grazie-alla-maratona\/","title":{"rendered":"Venezia a misura di disabile, grazie alla maratona"},"content":{"rendered":"<p><a href=\"https:\/\/blog.ilgiornale.it\/ruzzo\/files\/2011\/10\/IMG_74171.jpg\"><img loading=\"lazy\" class=\"alignright size-medium wp-image-3018\" src=\"https:\/\/blog.ilgiornale.it\/ruzzo\/files\/2011\/10\/IMG_74171-300x199.jpg\" alt=\"\" width=\"300\" height=\"199\" \/><\/a>Con le maratone si raccolgono fondi, si sostengono cause, si fanno battaglie sociali. Da domani con le maratone si abbattono anche le barriere architettoniche delle grandi citt\u00e0, quelle che impediscono ai disabili di viverle quotidianamente. E cos\u00ec grazie al un progetto nato nel 2005 \u00abVenezia Accessibile &#8211; Le barriere si superano di Corsa\u00bb la maratona di Venezia sar\u00e0 qualcosa in pi\u00f9\u00a0di una semplice gara podistica. L&#8217;iniziativa prevede il rivestimento dei 13 ponti attraversati dalla maratona da speciali rampe di legno. Un percorso accessibile in un contesto di grande rilevanza storica e ambientale, da san Basilio ai Giardini di Sant\u2019 Elena, per una lunghezza di circa 3 km e che resteranno posate fino al 26 febbraio del 2012 permettendo cos\u00ec anche a chi si muove su una carrozzina di girare per la citt\u00e0 con pi\u00f9 autonomia. \u00a0Ad introdurre il progetto il Presidente di Venicemarathon Club Piero Rosa Salva, tra i fondatori della maratona veneziana al via alla prima edizione il 18 maggio 1986: \u00abI ponti da sempre fanno parte della storia della nostra maratona, li abbiamo voluti fin dall\u2019inizio per consentire la partecipazione agli atleti disabili. La nostra citt\u00e0 \u00e8 pedonale per eccellenza, ma era anche piena di ostacoli e limitazioni. Abbiamo sperimentato e migliorato i diversi ponti che sono stati realizzati nel tempo. Siamo onorati di questo contributo che abbiamo dato a Venezia\u00bb.\u00a0 Tornando alla gara va detto che anche questa 26ma edizione sar\u00e0 ricordata per i record. Quello di iscritti che \u00e8 ormai una costante, quello di stranieri al via che tranttandosi di Venezia \u00e8 cosa abbastanza scontata e quello di donne iscritte che \u00e8 in crescita continua da diversi anni. Presenti i vincitori dell\u2019edizione 2010 Simon Mukun e Makda Haji, sar\u00e0 ai nastri d partenza anche Danilo Goffi per sua quinta Venicemarathon. L&#8217;azzurro ha gi\u00e0 trionfato nel 1995, in quella che fu la maratona che lo lanci\u00f2 a livello internazionale. \u00abHo un conto in sospeso con la Venicemarathon &#8211; ha detto Goffi &#8211; nel 2010 mi sono ritirato, non ero al meglio per motivi personali e con una condizione atletica non eccellente. Quest\u2019anno mi voglio riscattare e fare una bella gara\u00bb. \u00a0Da tenere sott&#8217;occhio soprattutto la keniana Helena Kirop che potrebbe scrivere una nuova pagina della storia della Venicemarathon: andr\u00e0 all\u2019attacco &#8211; ha annunciato &#8211; del record sulla distanza.\u00a0\u00a0La maratona sar\u00e0 trasmessa dalla Rai con una diretta su RaiSport 2 dalle 9.15 alle 12, e in differita su Rai International.<\/p>\n","protected":false},"excerpt":{"rendered":"<p><p>Con le maratone si raccolgono fondi, si sostengono cause, si fanno battaglie sociali. Da domani con le maratone si abbattono anche le barriere architettoniche delle grandi citt\u00e0, quelle che impediscono ai disabili di viverle quotidianamente. E cos\u00ec grazie al un progetto nato nel 2005 \u00abVenezia Accessibile &#8211; Le barriere si superano di Corsa\u00bb la maratona di Venezia sar\u00e0 qualcosa in pi\u00f9\u00a0di una semplice gara podistica. L&#8217;iniziativa prevede il rivestimento dei 13 ponti attraversati dalla maratona da speciali rampe di legno. Un percorso accessibile in un contesto di grande rilevanza storica e ambientale, da san Basilio ai Giardini di Sant\u2019 Elena, [&hellip;]<\/p>\n&nbsp;&nbsp;<div class=\"readmore\"><a href=\"https:\/\/blog.ilgiornale.it\/ruzzo\/2011\/10\/22\/venezia-a-misura-di-disabile-grazie-alla-maratona\/\">Continua a leggere...<\/a><\/div><\/p>","protected":false},"author":956,"featured_media":0,"comment_status":"open","ping_status":"closed","sticky":false,"template":"","format":"standard","meta":[],"categories":[1],"tags":[],"_links":{"self":[{"href":"https:\/\/blog.ilgiornale.it\/ruzzo\/wp-json\/wp\/v2\/posts\/3008"}],"collection":[{"href":"https:\/\/blog.ilgiornale.it\/ruzzo\/wp-json\/wp\/v2\/posts"}],"about":[{"href":"https:\/\/blog.ilgiornale.it\/ruzzo\/wp-json\/wp\/v2\/types\/post"}],"author":[{"embeddable":true,"href":"https:\/\/blog.ilgiornale.it\/ruzzo\/wp-json\/wp\/v2\/users\/956"}],"replies":[{"embeddable":true,"href":"https:\/\/blog.ilgiornale.it\/ruzzo\/wp-json\/wp\/v2\/comments?post=3008"}],"version-history":[{"count":8,"href":"https:\/\/blog.ilgiornale.it\/ruzzo\/wp-json\/wp\/v2\/posts\/3008\/revisions"}],"predecessor-version":[{"id":3019,"href":"https:\/\/blog.ilgiornale.it\/ruzzo\/wp-json\/wp\/v2\/posts\/3008\/revisions\/3019"}],"wp:attachment":[{"href":"https:\/\/blog.ilgiornale.it\/ruzzo\/wp-json\/wp\/v2\/media?parent=3008"}],"wp:term":[{"taxonomy":"category","embeddable":true,"href":"https:\/\/blog.ilgiornale.it\/ruzzo\/wp-json\/wp\/v2\/categories?post=3008"},{"taxonomy":"post_tag","embeddable":true,"href":"https:\/\/blog.ilgiornale.it\/ruzzo\/wp-json\/wp\/v2\/tags?post=3008"}],"curies":[{"name":"wp","href":"https:\/\/api.w.org\/{rel}","templated":true}]}}