{"id":3050,"date":"2011-10-26T17:19:00","date_gmt":"2011-10-26T16:19:00","guid":{"rendered":"https:\/\/blog.ilgiornale.it\/ruzzo\/?p=3050"},"modified":"2011-10-26T17:30:03","modified_gmt":"2011-10-26T16:30:03","slug":"smog-palazzo-marino-fissa-il-calendario-delle-domeniche-a-piedi-si-ricordi-anche-della-maratona","status":"publish","type":"post","link":"https:\/\/blog.ilgiornale.it\/ruzzo\/2011\/10\/26\/smog-palazzo-marino-fissa-il-calendario-delle-domeniche-a-piedi-si-ricordi-anche-della-maratona\/","title":{"rendered":"Smog, Palazzo Marino fissa le domeniche a piedi. Si ricordi anche della maratona"},"content":{"rendered":"<p>La milanocity marathon va. Si sono aperte poche settimane fa le iscrizioni per la Charity delle staffette che quest&#8217;anno saranno a numero chiuso e, a meno di 6 mesi dal via, la maratona milanese ha superato un nuovo traguardo: pi\u00f9 di 1000 follower su twitter. il popolo dei runners che si muove anche su Internet sta dimostrando il suo interesse per una gara dal passato travagliato ma dal futuro &#8220;roseo&#8221;, un po&#8217; come il colore del giornale che le sta dietro. La virata decisiva c&#8217;\u00e8 stata un paio di anni fa e lo scorso anno l&#8217;organizzazione ha scommesso su una formula, una data e un percorso che dovrebbero far fare uno scatto a questa gara gi\u00e0 da quest&#8217;anno. Non ci saranno cambiamenti clamorosi e questo \u00e8 gi\u00e0 un gran bel segno di continuit\u00e0 e potrebbe arrivare la tanto agognata domenica a piedi. Tutto fa ben sperare. La nuova giunta di Palazzo Marino dovrebbe dare un segno di &#8220;discontinuit\u00e0&#8221; rispetto all&#8217;amministrazione Moratti e la solita emergenza smog che ha obbligato il sindaco Pisapia e l&#8217;assessore al traffico Maran a stilare nei giorni scorsi un calendario delle domeniche a piedi. Da qui ad aprile ce ne dovrebbe essere almeno una al mese. E quindi sarebbe da folli non farla coincidere con quella della maratona. Il direttore della Milanocity marathon Andrea Trabuio incrocia le dita: &#8220;Finch\u00e8 non vedo&#8230;&#8221;<\/p>\n","protected":false},"excerpt":{"rendered":"<p><p>La milanocity marathon va. Si sono aperte poche settimane fa le iscrizioni per la Charity delle staffette che quest&#8217;anno saranno a numero chiuso e, a meno di 6 mesi dal via, la maratona milanese ha superato un nuovo traguardo: pi\u00f9 di 1000 follower su twitter. il popolo dei runners che si muove anche su Internet sta dimostrando il suo interesse per una gara dal passato travagliato ma dal futuro &#8220;roseo&#8221;, un po&#8217; come il colore del giornale che le sta dietro. La virata decisiva c&#8217;\u00e8 stata un paio di anni fa e lo scorso anno l&#8217;organizzazione ha scommesso su una [&hellip;]<\/p>\n&nbsp;&nbsp;<div class=\"readmore\"><a href=\"https:\/\/blog.ilgiornale.it\/ruzzo\/2011\/10\/26\/smog-palazzo-marino-fissa-il-calendario-delle-domeniche-a-piedi-si-ricordi-anche-della-maratona\/\">Continua a leggere...<\/a><\/div><\/p>","protected":false},"author":956,"featured_media":0,"comment_status":"open","ping_status":"closed","sticky":false,"template":"","format":"standard","meta":[],"categories":[1],"tags":[6089,6088,6090,6085,6084,6087,6086],"_links":{"self":[{"href":"https:\/\/blog.ilgiornale.it\/ruzzo\/wp-json\/wp\/v2\/posts\/3050"}],"collection":[{"href":"https:\/\/blog.ilgiornale.it\/ruzzo\/wp-json\/wp\/v2\/posts"}],"about":[{"href":"https:\/\/blog.ilgiornale.it\/ruzzo\/wp-json\/wp\/v2\/types\/post"}],"author":[{"embeddable":true,"href":"https:\/\/blog.ilgiornale.it\/ruzzo\/wp-json\/wp\/v2\/users\/956"}],"replies":[{"embeddable":true,"href":"https:\/\/blog.ilgiornale.it\/ruzzo\/wp-json\/wp\/v2\/comments?post=3050"}],"version-history":[{"count":10,"href":"https:\/\/blog.ilgiornale.it\/ruzzo\/wp-json\/wp\/v2\/posts\/3050\/revisions"}],"predecessor-version":[{"id":3062,"href":"https:\/\/blog.ilgiornale.it\/ruzzo\/wp-json\/wp\/v2\/posts\/3050\/revisions\/3062"}],"wp:attachment":[{"href":"https:\/\/blog.ilgiornale.it\/ruzzo\/wp-json\/wp\/v2\/media?parent=3050"}],"wp:term":[{"taxonomy":"category","embeddable":true,"href":"https:\/\/blog.ilgiornale.it\/ruzzo\/wp-json\/wp\/v2\/categories?post=3050"},{"taxonomy":"post_tag","embeddable":true,"href":"https:\/\/blog.ilgiornale.it\/ruzzo\/wp-json\/wp\/v2\/tags?post=3050"}],"curies":[{"name":"wp","href":"https:\/\/api.w.org\/{rel}","templated":true}]}}