{"id":3071,"date":"2011-10-29T20:51:35","date_gmt":"2011-10-29T19:51:35","guid":{"rendered":"https:\/\/blog.ilgiornale.it\/ruzzo\/?p=3071"},"modified":"2011-10-29T21:13:12","modified_gmt":"2011-10-29T20:13:12","slug":"tra-una-settimana-la-maratona-e-a-new-york-nevica","status":"publish","type":"post","link":"https:\/\/blog.ilgiornale.it\/ruzzo\/2011\/10\/29\/tra-una-settimana-la-maratona-e-a-new-york-nevica\/","title":{"rendered":"Tra una settimana la maratona. E a New York nevica&#8230;"},"content":{"rendered":"<blockquote>\n\t\t<style type=\"text\/css\">\n\t\t\t#gallery-1 {\n\t\t\t\tmargin: auto;\n\t\t\t}\n\t\t\t#gallery-1 .gallery-item {\n\t\t\t\tfloat: left;\n\t\t\t\tmargin-top: 10px;\n\t\t\t\ttext-align: center;\n\t\t\t\twidth: 25%;\n\t\t\t}\n\t\t\t#gallery-1 img {\n\t\t\t\tborder: 2px solid #cfcfcf;\n\t\t\t}\n\t\t\t#gallery-1 .gallery-caption {\n\t\t\t\tmargin-left: 0;\n\t\t\t}\n\t\t\t\/* see gallery_shortcode() in wp-includes\/media.php *\/\n\t\t<\/style>\n\t\t<div id='gallery-1' class='gallery galleryid-3071 gallery-columns-4 gallery-size-thumbnail'><dl class='gallery-item'>\n\t\t\t<dt class='gallery-icon landscape'>\n\t\t\t\t<a href='https:\/\/blog.ilgiornale.it\/ruzzo\/files\/2011\/10\/A_woman_.jpg'><img width=\"150\" height=\"150\" src=\"https:\/\/blog.ilgiornale.it\/ruzzo\/files\/2011\/10\/A_woman_-150x150.jpg\" class=\"attachment-thumbnail size-thumbnail\" alt=\"\" loading=\"lazy\" \/><\/a>\n\t\t\t<\/dt><\/dl><dl class='gallery-item'>\n\t\t\t<dt class='gallery-icon landscape'>\n\t\t\t\t<a href='https:\/\/blog.ilgiornale.it\/ruzzo\/files\/2011\/10\/People_r.jpg'><img width=\"150\" height=\"150\" src=\"https:\/\/blog.ilgiornale.it\/ruzzo\/files\/2011\/10\/People_r-150x150.jpg\" class=\"attachment-thumbnail size-thumbnail\" alt=\"\" loading=\"lazy\" \/><\/a>\n\t\t\t<\/dt><\/dl><dl class='gallery-item'>\n\t\t\t<dt class='gallery-icon landscape'>\n\t\t\t\t<a href='https:\/\/blog.ilgiornale.it\/ruzzo\/files\/2011\/10\/Workers_.jpg'><img width=\"150\" height=\"150\" src=\"https:\/\/blog.ilgiornale.it\/ruzzo\/files\/2011\/10\/Workers_-150x150.jpg\" class=\"attachment-thumbnail size-thumbnail\" alt=\"\" loading=\"lazy\" \/><\/a>\n\t\t\t<\/dt><\/dl>\n\t\t\t<br style='clear: both' \/>\n\t\t<\/div>\n\n<p>A New York nevica. E domenica prossima c&#8217;\u00e8 la maratona&#8230;Il maltempo si sta abbattendo sulla costa Atlantica degli Stati Uniti. I meteorologi si aspettano fino a 30 centimetri di neve in alcune zone del Vermont, mentre in Maine e in Massachusetts potrebbero andare leggermente meglio, sono previsti 15 centimetri.\u00a0 A a New York\u00a0 si \u00e8 gi\u00e0 formato uno strato di neve e acqua, alcuni voli sono stati ritardati di oltre quattro ore e le autorit\u00e0 hanno gi\u00e0 provveduto ad annullare alcuni voli diretti agli aeroporti Kennedy e LaGuardia. Chi tra sette giorni deve correre incroci le dita e mette in valigia le maglie pesanti, qualcuna anche da buttare via perch\u00e8 prima di partire ho il sospetto che servir\u00e0&#8230;<\/p><\/blockquote>\n","protected":false},"excerpt":{"rendered":"<p><p>A New York nevica. E domenica prossima c&#8217;\u00e8 la maratona&#8230;Il maltempo si sta abbattendo sulla costa Atlantica degli Stati Uniti. I meteorologi si aspettano fino a 30 centimetri di neve in alcune zone del Vermont, mentre in Maine e in Massachusetts potrebbero andare leggermente meglio, sono previsti 15 centimetri.\u00a0 A a New York\u00a0 si \u00e8 gi\u00e0 formato uno strato di neve e acqua, alcuni voli sono stati ritardati di oltre quattro ore e le autorit\u00e0 hanno gi\u00e0 provveduto ad annullare alcuni voli diretti agli aeroporti Kennedy e LaGuardia. Chi tra sette giorni deve correre incroci le dita e mette in [&hellip;]<\/p>\n&nbsp;&nbsp;<div class=\"readmore\"><a href=\"https:\/\/blog.ilgiornale.it\/ruzzo\/2011\/10\/29\/tra-una-settimana-la-maratona-e-a-new-york-nevica\/\">Continua a leggere...<\/a><\/div><\/p>","protected":false},"author":956,"featured_media":0,"comment_status":"open","ping_status":"closed","sticky":false,"template":"","format":"standard","meta":[],"categories":[1],"tags":[],"_links":{"self":[{"href":"https:\/\/blog.ilgiornale.it\/ruzzo\/wp-json\/wp\/v2\/posts\/3071"}],"collection":[{"href":"https:\/\/blog.ilgiornale.it\/ruzzo\/wp-json\/wp\/v2\/posts"}],"about":[{"href":"https:\/\/blog.ilgiornale.it\/ruzzo\/wp-json\/wp\/v2\/types\/post"}],"author":[{"embeddable":true,"href":"https:\/\/blog.ilgiornale.it\/ruzzo\/wp-json\/wp\/v2\/users\/956"}],"replies":[{"embeddable":true,"href":"https:\/\/blog.ilgiornale.it\/ruzzo\/wp-json\/wp\/v2\/comments?post=3071"}],"version-history":[{"count":6,"href":"https:\/\/blog.ilgiornale.it\/ruzzo\/wp-json\/wp\/v2\/posts\/3071\/revisions"}],"predecessor-version":[{"id":3081,"href":"https:\/\/blog.ilgiornale.it\/ruzzo\/wp-json\/wp\/v2\/posts\/3071\/revisions\/3081"}],"wp:attachment":[{"href":"https:\/\/blog.ilgiornale.it\/ruzzo\/wp-json\/wp\/v2\/media?parent=3071"}],"wp:term":[{"taxonomy":"category","embeddable":true,"href":"https:\/\/blog.ilgiornale.it\/ruzzo\/wp-json\/wp\/v2\/categories?post=3071"},{"taxonomy":"post_tag","embeddable":true,"href":"https:\/\/blog.ilgiornale.it\/ruzzo\/wp-json\/wp\/v2\/tags?post=3071"}],"curies":[{"name":"wp","href":"https:\/\/api.w.org\/{rel}","templated":true}]}}