{"id":31039,"date":"2021-11-10T16:31:20","date_gmt":"2021-11-10T15:31:20","guid":{"rendered":"https:\/\/blog.ilgiornale.it\/ruzzo\/?p=31039"},"modified":"2021-11-10T16:31:20","modified_gmt":"2021-11-10T15:31:20","slug":"cima-coppi-e-le-tappe-del-giro","status":"publish","type":"post","link":"https:\/\/blog.ilgiornale.it\/ruzzo\/2021\/11\/10\/cima-coppi-e-le-tappe-del-giro\/","title":{"rendered":"Cima Coppi ( e le tappe del Giro)"},"content":{"rendered":"<p><a href=\"https:\/\/blog.ilgiornale.it\/ruzzo\/2018\/08\/03\/in-bici-la-magia-del-gran-sasso\/imp9\/\" rel=\"attachment wp-att-24653\"><img loading=\"lazy\" class=\"alignleft size-medium wp-image-24653\" src=\"https:\/\/blog.ilgiornale.it\/ruzzo\/files\/2018\/08\/imp9-167x300.jpg\" alt=\"\" width=\"167\" height=\"300\" srcset=\"https:\/\/blog.ilgiornale.it\/ruzzo\/files\/2018\/08\/imp9-167x300.jpg 167w, https:\/\/blog.ilgiornale.it\/ruzzo\/files\/2018\/08\/imp9-570x1024.jpg 570w, https:\/\/blog.ilgiornale.it\/ruzzo\/files\/2018\/08\/imp9.jpg 600w\" sizes=\"(max-width: 167px) 100vw, 167px\" \/><\/a>Il Giro 105 si alza sui pedali. Svela un po&#8217; di tappe al giorno ed oggi, in questo strano modo di presentare arrivi veloci, di media montagna e finali, tocca alle montagne. Salite quindi. Salite che fanno la differenza, la classifica, che si aspettano come la vigilia di Natale e poi si raccontano perch\u00e8 in genere le grandi imprese e le grandi sfide passano tutte di l\u00ec.\u00a0 Salite che sono l&#8217;essenza di uno sport che \u00e8 sempre duro ma che quando la strada s&#8217;impenna in genere diventa la resa dei conti per pochi, solitamente campioni e comunque i pi\u00f9 forti. E anche quest&#8217;anno il Giro le salite \u00e8 andato a cercarsele. Tornano il Mortirolo\u00a0 e il passo\u00a0 Fedaia,\u00a0 torna il Pordoi come Cima Coppi, torna il Blockhouse. Ecco le frazioni pi\u00f9 attese: la\u00a0 tappa Avola &#8211; Etna (Rifugio Sapienza), la Isernia &#8211; Blockhouse, la Rivarolo Canavese &#8211; Cogne, la Sal\u00f2 &#8211; Aprica &#8211; con Mortirolo e Santa Cristina &#8211; che sar\u00e0 anche la Sforzato Wine Stage, la Ponte di Legno &#8211; Lavarone e la Belluno &#8211; Passo Fedaia (Marmolada) con San Pellegrino e Pordoi come Cima Coppi (2239 m) .\u00a0 C&#8217;\u00e8 un ciclismo che resiste al tempo come le montagne. Perch\u00e8 \u00e8 in salita che questo sport fa la differenza e la sua storia. Campioni, gregari, amatori dal pi\u00f9 &#8220;incistato&#8221; degli appassionati all&#8217;ultimo &#8220;tapascione&#8221; si soffre tutti allo stesso modo. La salit\u00e0 \u00e8 giusta, democratica, \u00e8 un riequilibratore sociale, serve a limare le differenze e a favorire i riscatti. Puoi chiamarti come vuoi,\u00a0 avere una laurea o un 730 da nababbo ma poco importa. In salita non si bara e c&#8217;\u00e8 poco da far tattica perch\u00e8 la salita non guarda in faccia a nessuno.\u00a0 Il ciclismo ha senso solo cos\u00ec. Perch\u00e8 in salita si vincono Giro e Tour ma\u00a0 soprattutto perch\u00e8\u00a0 in salita si perdono. E sar\u00e0 cos\u00ec anche quest&#8217;anno.<\/p>\n","protected":false},"excerpt":{"rendered":"<p><p>Il Giro 105 si alza sui pedali. Svela un po&#8217; di tappe al giorno ed oggi, in questo strano modo di presentare arrivi veloci, di media montagna e finali, tocca alle montagne. Salite quindi. Salite che fanno la differenza, la classifica, che si aspettano come la vigilia di Natale e poi si raccontano perch\u00e8 in genere le grandi imprese e le grandi sfide passano tutte di l\u00ec.\u00a0 Salite che sono l&#8217;essenza di uno sport che \u00e8 sempre duro ma che quando la strada s&#8217;impenna in genere diventa la resa dei conti per pochi, solitamente campioni e comunque i pi\u00f9 forti. [&hellip;]<\/p>\n&nbsp;&nbsp;<div class=\"readmore\"><a href=\"https:\/\/blog.ilgiornale.it\/ruzzo\/2021\/11\/10\/cima-coppi-e-le-tappe-del-giro\/\">Continua a leggere...<\/a><\/div><\/p>","protected":false},"author":956,"featured_media":0,"comment_status":"open","ping_status":"closed","sticky":false,"template":"","format":"standard","meta":[],"categories":[1],"tags":[],"_links":{"self":[{"href":"https:\/\/blog.ilgiornale.it\/ruzzo\/wp-json\/wp\/v2\/posts\/31039"}],"collection":[{"href":"https:\/\/blog.ilgiornale.it\/ruzzo\/wp-json\/wp\/v2\/posts"}],"about":[{"href":"https:\/\/blog.ilgiornale.it\/ruzzo\/wp-json\/wp\/v2\/types\/post"}],"author":[{"embeddable":true,"href":"https:\/\/blog.ilgiornale.it\/ruzzo\/wp-json\/wp\/v2\/users\/956"}],"replies":[{"embeddable":true,"href":"https:\/\/blog.ilgiornale.it\/ruzzo\/wp-json\/wp\/v2\/comments?post=31039"}],"version-history":[{"count":2,"href":"https:\/\/blog.ilgiornale.it\/ruzzo\/wp-json\/wp\/v2\/posts\/31039\/revisions"}],"predecessor-version":[{"id":31041,"href":"https:\/\/blog.ilgiornale.it\/ruzzo\/wp-json\/wp\/v2\/posts\/31039\/revisions\/31041"}],"wp:attachment":[{"href":"https:\/\/blog.ilgiornale.it\/ruzzo\/wp-json\/wp\/v2\/media?parent=31039"}],"wp:term":[{"taxonomy":"category","embeddable":true,"href":"https:\/\/blog.ilgiornale.it\/ruzzo\/wp-json\/wp\/v2\/categories?post=31039"},{"taxonomy":"post_tag","embeddable":true,"href":"https:\/\/blog.ilgiornale.it\/ruzzo\/wp-json\/wp\/v2\/tags?post=31039"}],"curies":[{"name":"wp","href":"https:\/\/api.w.org\/{rel}","templated":true}]}}