{"id":31114,"date":"2021-11-23T20:16:31","date_gmt":"2021-11-23T19:16:31","guid":{"rendered":"https:\/\/blog.ilgiornale.it\/ruzzo\/?p=31114"},"modified":"2021-11-23T20:16:31","modified_gmt":"2021-11-23T19:16:31","slug":"eicma-le-moto-rombano-ma-la-sfida-sara-elettrica","status":"publish","type":"post","link":"https:\/\/blog.ilgiornale.it\/ruzzo\/2021\/11\/23\/eicma-le-moto-rombano-ma-la-sfida-sara-elettrica\/","title":{"rendered":"Eicma, le moto rombano ma la sfida sar\u00e0 elettrica"},"content":{"rendered":"<p><a href=\"https:\/\/blog.ilgiornale.it\/ruzzo\/2021\/11\/23\/eicma-le-moto-rombano-ma-la-sfida-sara-elettrica\/eic-2\/\" rel=\"attachment wp-att-31118\"><img loading=\"lazy\" class=\"alignright size-medium wp-image-31118\" src=\"https:\/\/blog.ilgiornale.it\/ruzzo\/files\/2021\/11\/eic-300x207.jpg\" alt=\"\" width=\"300\" height=\"207\" srcset=\"https:\/\/blog.ilgiornale.it\/ruzzo\/files\/2021\/11\/eic-300x207.jpg 300w, https:\/\/blog.ilgiornale.it\/ruzzo\/files\/2021\/11\/eic.jpg 538w\" sizes=\"(max-width: 300px) 100vw, 300px\" \/><\/a>Quattro ruote muovono le persone, due muovono l\u2019anima e quando si parla motociclette la passione prende il sopravvento. Tra mille rigagnoli. Perch\u00e9 il popolo delle due ruote non si accontenta di una moto qualunque, vuole quella dei suoi sogni e si divide in trib\u00f9 affezionate. E cos\u00ec ci sono quelli che parlano solo giapponese, i biemvuisti, i guzzisti, i ducatisti e quelli che impazziscono per le moto inglesi. Un mondo a s\u00e9 che da sempre si lustra gli occhi quando arrivano i giorni delle moto in Fiera. Torna Eicma\u00a0 fino a domenica: c\u2019era una volta il salone del ciclo e motociclo, ma ormai il ciclo non c\u2019\u00e8 quasi pi\u00f9, sempre e pi\u00f9 solo motociclo e spazio alle e-bike, le bici del futuro, quelle della rivoluzione, quelle che porteranno a pedalare anche chi non ci ha mai provato, non ci ha mai pensato e mai avrebbe creduto. \u00c8 un\u2019altra storia, ma va cos\u00ec. Va cos\u00ec e va fortissimo, perch\u00e9, dati alla mano, il settore funziona. Eccome se funziona. Secondo gli ultimi dati Ancma nei primi sette mesi del 2021 ciclomotori, scooter e moto hanno segnato un aumento complessivo del 36,5% sull\u2019anno precedente, pari a 211.760 mezzi targati. Il mercato dei veicoli elettrici ha chiuso il mese di luglio (ultimo dato disponibile) con 1.214 veicoli venduti, pari a una crescita del 57%. Per quanto riguarda il mercato bici, il 2020 (ultimo dato disponibile) \u00e8 stato un anno record. Sono state infatti 2.010.000 (+17% sul 2019) il totale delle biciclette vendute, con le eBike che fanno segnare un robusto +44% e che in soli cinque anni hanno quintuplicato i dati di vendita, passando da poco pi\u00f9 di 50mila pezzi annui ai 280mila del 2020. Da oggi fino al 28 novembre, quindi, il presente e il futuro del settore si ritrover\u00e0 a Fiera Rho nel pi\u00f9 importante evento espositivo al mondo. Saranno cinque i padiglioni occupati all\u2019interno del quartiere fieristico disegnato da Fuksas e pi\u00f9 di 820 i marchi presenti. Come da tradizione si annunciano novit\u00e0, ma il Salone sar\u00e0 anche l\u2019occasione per gare, spettacoli e per \u00abtestare\u00bb i nuovi prodotti nelle aree esterne della Fiera. Un\u2019opportunit\u00e0 rivolta anche agli amanti delle eBike, che potranno provare gli ultimi prodotti dall\u2019universo delle bici a pedalata assistita all\u2019interno di un tracciato tecnico realizzato al padiglione 24. Spazio, infine, anche alle start up e al futuro della mobilit\u00e0 su due ruote nell\u2019area speciale a esse dedicata, che quest\u2019anno accoglie 15 realt\u00e0 innovative internazionali pronte a proporre idee, soluzioni e prototipi. Un appuntamento molto significativo che per gli appassionati sar\u00e0 finalmente un\u2019occasione per vedere dal vivo tutta l\u2019offerta del settore senza l\u2019intermediazione di un qualcosa di virtuale. Per garantire la totale sicurezza i varchi di accesso pedonali e veicolari sono stati ridefiniti, ponendo particolare attenzione alla corretta gestione dei flussi di transito. Inoltre, \u00e8 stato implementato l\u2019utilizzo di tecnologie digitali al fine di automatizzare le procedure di ingresso. Una app di quartiere permetter\u00e0 di accedere a una serie di servizi tra i quali il \u00abfast track\u00bb, la prenotazione dei parcheggi e della ristorazione. E, ovviamente, tutti con la mascherina.<\/p>\n","protected":false},"excerpt":{"rendered":"<p><p>Quattro ruote muovono le persone, due muovono l\u2019anima e quando si parla motociclette la passione prende il sopravvento. Tra mille rigagnoli. Perch\u00e9 il popolo delle due ruote non si accontenta di una moto qualunque, vuole quella dei suoi sogni e si divide in trib\u00f9 affezionate. E cos\u00ec ci sono quelli che parlano solo giapponese, i biemvuisti, i guzzisti, i ducatisti e quelli che impazziscono per le moto inglesi. Un mondo a s\u00e9 che da sempre si lustra gli occhi quando arrivano i giorni delle moto in Fiera. Torna Eicma\u00a0 fino a domenica: c\u2019era una volta il salone del ciclo e [&hellip;]<\/p>\n&nbsp;&nbsp;<div class=\"readmore\"><a href=\"https:\/\/blog.ilgiornale.it\/ruzzo\/2021\/11\/23\/eicma-le-moto-rombano-ma-la-sfida-sara-elettrica\/\">Continua a leggere...<\/a><\/div><\/p>","protected":false},"author":956,"featured_media":0,"comment_status":"open","ping_status":"closed","sticky":false,"template":"","format":"standard","meta":[],"categories":[1],"tags":[],"_links":{"self":[{"href":"https:\/\/blog.ilgiornale.it\/ruzzo\/wp-json\/wp\/v2\/posts\/31114"}],"collection":[{"href":"https:\/\/blog.ilgiornale.it\/ruzzo\/wp-json\/wp\/v2\/posts"}],"about":[{"href":"https:\/\/blog.ilgiornale.it\/ruzzo\/wp-json\/wp\/v2\/types\/post"}],"author":[{"embeddable":true,"href":"https:\/\/blog.ilgiornale.it\/ruzzo\/wp-json\/wp\/v2\/users\/956"}],"replies":[{"embeddable":true,"href":"https:\/\/blog.ilgiornale.it\/ruzzo\/wp-json\/wp\/v2\/comments?post=31114"}],"version-history":[{"count":5,"href":"https:\/\/blog.ilgiornale.it\/ruzzo\/wp-json\/wp\/v2\/posts\/31114\/revisions"}],"predecessor-version":[{"id":31120,"href":"https:\/\/blog.ilgiornale.it\/ruzzo\/wp-json\/wp\/v2\/posts\/31114\/revisions\/31120"}],"wp:attachment":[{"href":"https:\/\/blog.ilgiornale.it\/ruzzo\/wp-json\/wp\/v2\/media?parent=31114"}],"wp:term":[{"taxonomy":"category","embeddable":true,"href":"https:\/\/blog.ilgiornale.it\/ruzzo\/wp-json\/wp\/v2\/categories?post=31114"},{"taxonomy":"post_tag","embeddable":true,"href":"https:\/\/blog.ilgiornale.it\/ruzzo\/wp-json\/wp\/v2\/tags?post=31114"}],"curies":[{"name":"wp","href":"https:\/\/api.w.org\/{rel}","templated":true}]}}