{"id":31143,"date":"2021-11-28T18:39:34","date_gmt":"2021-11-28T17:39:34","guid":{"rendered":"https:\/\/blog.ilgiornale.it\/ruzzo\/?p=31143"},"modified":"2021-11-28T19:15:23","modified_gmt":"2021-11-28T18:15:23","slug":"maratona-di-firenze-si-riparte-da-qui","status":"publish","type":"post","link":"https:\/\/blog.ilgiornale.it\/ruzzo\/2021\/11\/28\/maratona-di-firenze-si-riparte-da-qui\/","title":{"rendered":"Maratona di Firenze: si riparte da qui"},"content":{"rendered":"<p><a href=\"https:\/\/blog.ilgiornale.it\/ruzzo\/2021\/11\/28\/maratona-di-firenze-si-riparte-da-qui\/261809105_4716467041738509_3503024617943709617_n\/\" rel=\"attachment wp-att-31144\"><img loading=\"lazy\" class=\"alignleft size-medium wp-image-31144\" src=\"https:\/\/blog.ilgiornale.it\/ruzzo\/files\/2021\/11\/261809105_4716467041738509_3503024617943709617_n-300x200.jpg\" alt=\"\" width=\"300\" height=\"200\" srcset=\"https:\/\/blog.ilgiornale.it\/ruzzo\/files\/2021\/11\/261809105_4716467041738509_3503024617943709617_n-300x200.jpg 300w, https:\/\/blog.ilgiornale.it\/ruzzo\/files\/2021\/11\/261809105_4716467041738509_3503024617943709617_n-1024x683.jpg 1024w, https:\/\/blog.ilgiornale.it\/ruzzo\/files\/2021\/11\/261809105_4716467041738509_3503024617943709617_n-768x512.jpg 768w, https:\/\/blog.ilgiornale.it\/ruzzo\/files\/2021\/11\/261809105_4716467041738509_3503024617943709617_n-1536x1024.jpg 1536w, https:\/\/blog.ilgiornale.it\/ruzzo\/files\/2021\/11\/261809105_4716467041738509_3503024617943709617_n.jpg 2048w\" sizes=\"(max-width: 300px) 100vw, 300px\" \/><\/a>Ci sono maratone che, al di l\u00e0 dei numeri,\u00a0 fanno parte della storia di chi le ha vinte, di chi le ha corse, di chi le vorrebbe correre e di chi si lascia sedurre dal fascino dei luoghi. Firenze, la maratona di Firenze, in questo senso \u00e8 un punto fermo.\u00a0 Migliaia di atleti al via, soprattutto in un periodo di pandemia, sono un bel colpo d&#8217;occhio, sono una bella festa di sport e uno squarcio di sereno anche in una giornata fredda e piovosa. Sono la prova che piano piano si pu\u00f2 ricominciare, che la tenacia e il coraggio di chi organizza nonostante tutto premiano sempre: &#8220;Non abbiamo la presunzione di rappresentare un esempio \u2013 ha spiegato l&#8217;organizzatore <strong>Giancarlo Romiti<\/strong>&#8211; ma in questa situazione dove tutto \u00e8 difficile e precario, far partire la Firenze Marathon raccogliendo alla vigilia circa 4.500 maratoneti provenienti da tutta Italia e altri dall\u2019estero siamo convinti che dia un segnale di ripartenza&#8221;. Certo che \u00e8 cos\u00ec ma \u00e8 soprattutto\u00a0il segno che Firenze conta.\u00a0 E da diversi anni che conta anche se non sempre sono i numeri a decretare il successo di una gara. Serve altro. Per la maratona di Firenze, ad esempio, conta la magia di una citt\u00e0 che merita sempre una visita e che comunque ti lascia sempre qualcosa di indimenticabile da riportare a casa. Ma se poi i numeri sono importanti allora tanto meglio. E oggi\u00a0 la 37ma edizione \u00e8 stato il solito spettacolo con tanti gli stranieri in gara perch\u00e8 da queste parti si viene per correre ma anche per fare una vacanza con francesi, tedeschi e inglesi a guidare l\u2019invasione. Ed \u00e8 un classico per una citt\u00e0 d\u2019arte che permette ai maratoneti di apprezzarla in pieno con un percorso che arriva in Piazza Duomo dopo aver attraversato i viali, Ponte Vecchio e \u00a0tutti i principali e monumenti della citt\u00e0. E\u2019 il valore aggiunto di una corsa che per\u00f2 come tutte le maratone \u00e8 anche sfida agonistica. \u00a0Oggi la vittoria, \u00e8 andata al keniano Cybrian Kimurgor Kotut che ha fermato il cronometro a\u00a0 2h08&#8217;59&#8221;, crono di soli 19 secondi pi\u00f9 lento rispetto al primato sull&#8217;Arno di James Kutto del 2006, davanti al connazionale Samuel Lomoi con 2h09&#8217;54&#8221; e Olivier Irabaruta\u00a0 del Burundi in 2h10&#8217;13&#8221;.\u00a0 \u00a0Tra le donne ha vinto l&#8217;etiope Tsehay Alemu Maru in 2h27&#8217;17&#8221; che ha preceduto di soli quattro secondi la connazionale Megertu Ifa Geletu\u00a0 in 2h27&#8217;21&#8221; e la keniana Mercy Jerop Kwambai\u00a0 terza in 2h27&#8217;32&#8221;.<\/p>\n","protected":false},"excerpt":{"rendered":"<p><p>Ci sono maratone che, al di l\u00e0 dei numeri,\u00a0 fanno parte della storia di chi le ha vinte, di chi le ha corse, di chi le vorrebbe correre e di chi si lascia sedurre dal fascino dei luoghi. Firenze, la maratona di Firenze, in questo senso \u00e8 un punto fermo.\u00a0 Migliaia di atleti al via, soprattutto in un periodo di pandemia, sono un bel colpo d&#8217;occhio, sono una bella festa di sport e uno squarcio di sereno anche in una giornata fredda e piovosa. Sono la prova che piano piano si pu\u00f2 ricominciare, che la tenacia e il coraggio di [&hellip;]<\/p>\n&nbsp;&nbsp;<div class=\"readmore\"><a href=\"https:\/\/blog.ilgiornale.it\/ruzzo\/2021\/11\/28\/maratona-di-firenze-si-riparte-da-qui\/\">Continua a leggere...<\/a><\/div><\/p>","protected":false},"author":956,"featured_media":0,"comment_status":"open","ping_status":"closed","sticky":false,"template":"","format":"standard","meta":[],"categories":[1],"tags":[],"_links":{"self":[{"href":"https:\/\/blog.ilgiornale.it\/ruzzo\/wp-json\/wp\/v2\/posts\/31143"}],"collection":[{"href":"https:\/\/blog.ilgiornale.it\/ruzzo\/wp-json\/wp\/v2\/posts"}],"about":[{"href":"https:\/\/blog.ilgiornale.it\/ruzzo\/wp-json\/wp\/v2\/types\/post"}],"author":[{"embeddable":true,"href":"https:\/\/blog.ilgiornale.it\/ruzzo\/wp-json\/wp\/v2\/users\/956"}],"replies":[{"embeddable":true,"href":"https:\/\/blog.ilgiornale.it\/ruzzo\/wp-json\/wp\/v2\/comments?post=31143"}],"version-history":[{"count":4,"href":"https:\/\/blog.ilgiornale.it\/ruzzo\/wp-json\/wp\/v2\/posts\/31143\/revisions"}],"predecessor-version":[{"id":31148,"href":"https:\/\/blog.ilgiornale.it\/ruzzo\/wp-json\/wp\/v2\/posts\/31143\/revisions\/31148"}],"wp:attachment":[{"href":"https:\/\/blog.ilgiornale.it\/ruzzo\/wp-json\/wp\/v2\/media?parent=31143"}],"wp:term":[{"taxonomy":"category","embeddable":true,"href":"https:\/\/blog.ilgiornale.it\/ruzzo\/wp-json\/wp\/v2\/categories?post=31143"},{"taxonomy":"post_tag","embeddable":true,"href":"https:\/\/blog.ilgiornale.it\/ruzzo\/wp-json\/wp\/v2\/tags?post=31143"}],"curies":[{"name":"wp","href":"https:\/\/api.w.org\/{rel}","templated":true}]}}