{"id":3191,"date":"2011-11-05T21:12:14","date_gmt":"2011-11-05T20:12:14","guid":{"rendered":"https:\/\/blog.ilgiornale.it\/ruzzo\/?p=3191"},"modified":"2011-11-06T01:19:53","modified_gmt":"2011-11-06T00:19:53","slug":"maratona-di-new-york-sfida-stellare-tra-geoffrey-e-emmauel-mutai","status":"publish","type":"post","link":"https:\/\/blog.ilgiornale.it\/ruzzo\/2011\/11\/05\/maratona-di-new-york-sfida-stellare-tra-geoffrey-e-emmauel-mutai\/","title":{"rendered":"Maratona di New York: sfida stellare tra Geoffrey e Emmanuel Mutai"},"content":{"rendered":"<p><a href=\"https:\/\/blog.ilgiornale.it\/ruzzo\/files\/2011\/11\/clarinetto-031.jpg\"><img loading=\"lazy\" class=\"alignleft size-medium wp-image-3196\" src=\"https:\/\/blog.ilgiornale.it\/ruzzo\/files\/2011\/11\/clarinetto-031-300x200.jpg\" alt=\"\" width=\"300\" height=\"200\" srcset=\"https:\/\/blog.ilgiornale.it\/ruzzo\/files\/2011\/11\/clarinetto-031-300x200.jpg 300w, https:\/\/blog.ilgiornale.it\/ruzzo\/files\/2011\/11\/clarinetto-031.jpg 630w\" sizes=\"(max-width: 300px) 100vw, 300px\" \/><\/a>New York: si parte. Quella dei campioni \u00e8 come al solito una super-gara che vede al via i pi\u00f9 grandi della maratona mondiale. Non c&#8217;\u00e8 Patrik Makau, il keniano che\u00a0ha stabilito il record del mondo di maratona\u00a0 a Berlino ma ci sono Geoffrey e Emmanuel\u00a0Mutai altri due keniani che non sono fratelli ma sono tra i maratoneti pi\u00f9 veloci al mondo in questo momento. Geoffrey, con il suo\u00a0 2h03&#8217;02&#8221; firmato a Boston, &#8220;sarebbe&#8221; il recordman della maratona se i giudici gliel&#8217;avessesro omologata. Emmanuel quest&#8217;anno ha firmato il terzo tempo di sempre vincendo in 2h04&#8217;40&#8221; a Londra. Se la giocheranno.\u00a0\u00a0Ma non sono escluse sorpese. Fra gli atleti da tenere d&#8217;occhio ci sono il vincitore dello scorso anno, &#8216;etiope Gebre Gebremariam che quest&#8217;anno\u00a0a Boston ha fermato il cronometro sulle\u00a02h04&#8217;53&#8221;; Jaouad Gharib l&#8217;esperto marocchino, 39 anni, con un personal best di 2h05&#8217;27&#8221;; l&#8217;etiope\u00a0Tsegaye Kebede, che vanta un primato personale di 2h05&#8217;18&#8221; e\u00a0 Meb Keflezighi\u00a0 runner di casa, 36 anni che sogna di ripetere il successo di due anni fa a sopresa : &lt;Sono dei mostri- ha dichiarato Ma io resto l\u00ec a guardare e se trovo la giornata giusta&#8230;&gt;. E gli europei? Beh l&#8217;unico che merita di essere citato\u00a0\u00e8\u00a0Viktor Rothlin, 37 anni svizzero e campione europeo in carica, con un primato personale di 2h07&#8217;23&#8221;.<\/p>\n","protected":false},"excerpt":{"rendered":"<p><p>New York: si parte. Quella dei campioni \u00e8 come al solito una super-gara che vede al via i pi\u00f9 grandi della maratona mondiale. Non c&#8217;\u00e8 Patrik Makau, il keniano che\u00a0ha stabilito il record del mondo di maratona\u00a0 a Berlino ma ci sono Geoffrey e Emmanuel\u00a0Mutai altri due keniani che non sono fratelli ma sono tra i maratoneti pi\u00f9 veloci al mondo in questo momento. Geoffrey, con il suo\u00a0 2h03&#8217;02&#8221; firmato a Boston, &#8220;sarebbe&#8221; il recordman della maratona se i giudici gliel&#8217;avessesro omologata. Emmanuel quest&#8217;anno ha firmato il terzo tempo di sempre vincendo in 2h04&#8217;40&#8221; a Londra. Se la giocheranno.\u00a0\u00a0Ma non [&hellip;]<\/p>\n&nbsp;&nbsp;<div class=\"readmore\"><a href=\"https:\/\/blog.ilgiornale.it\/ruzzo\/2011\/11\/05\/maratona-di-new-york-sfida-stellare-tra-geoffrey-e-emmauel-mutai\/\">Continua a leggere...<\/a><\/div><\/p>","protected":false},"author":956,"featured_media":0,"comment_status":"open","ping_status":"closed","sticky":false,"template":"","format":"standard","meta":[],"categories":[1],"tags":[3383,6076,6099,6097],"_links":{"self":[{"href":"https:\/\/blog.ilgiornale.it\/ruzzo\/wp-json\/wp\/v2\/posts\/3191"}],"collection":[{"href":"https:\/\/blog.ilgiornale.it\/ruzzo\/wp-json\/wp\/v2\/posts"}],"about":[{"href":"https:\/\/blog.ilgiornale.it\/ruzzo\/wp-json\/wp\/v2\/types\/post"}],"author":[{"embeddable":true,"href":"https:\/\/blog.ilgiornale.it\/ruzzo\/wp-json\/wp\/v2\/users\/956"}],"replies":[{"embeddable":true,"href":"https:\/\/blog.ilgiornale.it\/ruzzo\/wp-json\/wp\/v2\/comments?post=3191"}],"version-history":[{"count":7,"href":"https:\/\/blog.ilgiornale.it\/ruzzo\/wp-json\/wp\/v2\/posts\/3191\/revisions"}],"predecessor-version":[{"id":3200,"href":"https:\/\/blog.ilgiornale.it\/ruzzo\/wp-json\/wp\/v2\/posts\/3191\/revisions\/3200"}],"wp:attachment":[{"href":"https:\/\/blog.ilgiornale.it\/ruzzo\/wp-json\/wp\/v2\/media?parent=3191"}],"wp:term":[{"taxonomy":"category","embeddable":true,"href":"https:\/\/blog.ilgiornale.it\/ruzzo\/wp-json\/wp\/v2\/categories?post=3191"},{"taxonomy":"post_tag","embeddable":true,"href":"https:\/\/blog.ilgiornale.it\/ruzzo\/wp-json\/wp\/v2\/tags?post=3191"}],"curies":[{"name":"wp","href":"https:\/\/api.w.org\/{rel}","templated":true}]}}