{"id":31957,"date":"2022-04-23T21:33:07","date_gmt":"2022-04-23T19:33:07","guid":{"rendered":"https:\/\/blog.ilgiornale.it\/ruzzo\/?p=31957"},"modified":"2022-04-23T21:44:07","modified_gmt":"2022-04-23T19:44:07","slug":"cammarota-da-venezia-a-pechino-a-piedi-sulle-tracce-di-marco-polo","status":"publish","type":"post","link":"https:\/\/blog.ilgiornale.it\/ruzzo\/2022\/04\/23\/cammarota-da-venezia-a-pechino-a-piedi-sulle-tracce-di-marco-polo\/","title":{"rendered":"Cammarota: da Venezia a Pechino a piedi sulle tracce di Marco Polo"},"content":{"rendered":"<p><a href=\"https:\/\/blog.ilgiornale.it\/ruzzo\/2022\/04\/23\/cammarota-da-venezia-a-pechino-a-piedi-sulle-tracce-di-marco-polo\/cammarota-1\/\" rel=\"attachment wp-att-31961\"><img loading=\"lazy\" class=\"alignright size-medium wp-image-31961\" src=\"https:\/\/blog.ilgiornale.it\/ruzzo\/files\/2022\/04\/Cammarota-1-300x225.jpeg\" alt=\"\" width=\"300\" height=\"225\" srcset=\"https:\/\/blog.ilgiornale.it\/ruzzo\/files\/2022\/04\/Cammarota-1-300x225.jpeg 300w, https:\/\/blog.ilgiornale.it\/ruzzo\/files\/2022\/04\/Cammarota-1-1024x768.jpeg 1024w, https:\/\/blog.ilgiornale.it\/ruzzo\/files\/2022\/04\/Cammarota-1-768x576.jpeg 768w, https:\/\/blog.ilgiornale.it\/ruzzo\/files\/2022\/04\/Cammarota-1-1536x1152.jpeg 1536w, https:\/\/blog.ilgiornale.it\/ruzzo\/files\/2022\/04\/Cammarota-1.jpeg 1600w\" sizes=\"(max-width: 300px) 100vw, 300px\" \/><\/a>Partir\u00e0 marted\u00ec alle 12.45 dal Lazzaretto Nuovo di Venezia. Partir\u00e0 e arriver\u00e0 a destinazione a Pechino tra due anni a dicembre, si spera prima di Natale. \u00a0<strong>Vienna Cammarota,<\/strong>\u00a0 72 anni, campana di Ferlitto nel Cilento \u00e8 una delle camminatrici pi\u00f9 famose al mondo e con le sue\u00a0 &#8220;imprese&#8221; ha raccontato il patrimonio naturale, storico e culturale del nostro Paese e non solo del nostro Paese.\u00a0 Il lungo cammino \u00e8 nel suo Dna e nella sua vita ha gi\u00e0 attraversato Tibet, Amazzonia, Madagascar, Patagonia, Italia, Europa, Israele, Palestina.\u00a0 Ora riprende : 22 mila chilometri per\u00a0 1460 giorni di viaggio. Slovenia,\u00a0\u00a0Croazia, Serbia, Bulgaria, Turchia, Georgia, Iran. Turkimenistan, Azerbaigian, Uzbekistan, Kirghizistan, Kazakistan, Mongolia da attraversare e alla fine sar\u00e0 la prima donna al Mondo a raccontare la Via della Seta in epoca contemporanea . Un&#8217;impresa infinita, che si fa fatica a pensare e forse anche a raccontare,\u00a0 presentata nella Serenissima con i vertici di <strong>Archeoclub\u00a0 Italia<\/strong> di cui \u00e8 ambasciatrice, del Presidente della Fondazione Don\u00e0 Dalle Rose, <b>Contessa Chiara Don\u00e0 Dalle Rose<\/b>, la fondatrice e Vice Presidente Nazionale\u00a0\u00a0dell\u2019Associazione \u201cAmbasciatori di Cultura lungo la Via della Seta\u201d e del Presidente dell\u2019Associazione Italia- Cina di Shangai <b>Giuseppe ZHU.\u00a0 <\/b>Un viaggio che parte dal\u00a0 Lazzaretto Nuovo di Venezia dove ci fu la prima quarantena dell&#8217;Occidente, un\u2019isola prima abbandonata ed oggi importante museo ambientale, storico ed archeologico dove \u00e8 possibile ammirare\u00a0 le pitture del &#8216;500, i graffiti spontanei dei marinai,\u00a0 le \u201ccamere di contumacia\u201d,\u00a0 l\u2019area cimiteriale e tutte la documentazione originale legata agli eventi epidemiologici dell&#8217;epoca coi disegni\u00a0 e i segni delle pinze che venivano bruciate per sanificare gli ambienti. &#8220;L\u2019idea nasce dalla curiosit\u00e0 e dalla storia- racconta- perch\u00e9 personalmente sono molto legata alla storia e terminato il Viaggio in Italia dello scrittore tedesco Wolfgang Goethe, mi sono innamorata di Marco Polo. Su Marco Polo sto imparando tante cose e questo viaggio mi servir\u00e0 per riscoprire le sue tracce&#8230;&#8221;.\u00a0 Era da un po&#8217; che sognava di partire ma ha dovuto spostare pi\u00f9 volte la data a causa della pandemia.\u00a0 Ora ci siamo ma aspettando si \u00e8 preparata: &#8220;Sportivamente e mentalmente- spiega- ad esempio vivendo da sola per parecchio tempo in un rifugio a 1600 metri&#8221;. Durante il cammino sar\u00e0 seguita da un fisioterapista, porter\u00e0 con s\u00e8 il Milione, la Bandiera dell\u2019Italia e quella dell&#8217;Ucraina perch\u00e8, tra le tante cose, il suo sar\u00e0 anche un viaggio di pace. &#8220;Se ho paura? Bisogna sempre avere paura altrimenti non si troverebbe mai il coraggio di fare le cose&#8230;&#8221;<\/p>\n","protected":false},"excerpt":{"rendered":"<p><p>Partir\u00e0 marted\u00ec alle 12.45 dal Lazzaretto Nuovo di Venezia. Partir\u00e0 e arriver\u00e0 a destinazione a Pechino tra due anni a dicembre, si spera prima di Natale. \u00a0Vienna Cammarota,\u00a0 72 anni, campana di Ferlitto nel Cilento \u00e8 una delle camminatrici pi\u00f9 famose al mondo e con le sue\u00a0 &#8220;imprese&#8221; ha raccontato il patrimonio naturale, storico e culturale del nostro Paese e non solo del nostro Paese.\u00a0 Il lungo cammino \u00e8 nel suo Dna e nella sua vita ha gi\u00e0 attraversato Tibet, Amazzonia, Madagascar, Patagonia, Italia, Europa, Israele, Palestina.\u00a0 Ora riprende : 22 mila chilometri per\u00a0 1460 giorni di viaggio. Slovenia,\u00a0\u00a0Croazia, Serbia, [&hellip;]<\/p>\n&nbsp;&nbsp;<div class=\"readmore\"><a href=\"https:\/\/blog.ilgiornale.it\/ruzzo\/2022\/04\/23\/cammarota-da-venezia-a-pechino-a-piedi-sulle-tracce-di-marco-polo\/\">Continua a leggere...<\/a><\/div><\/p>","protected":false},"author":956,"featured_media":0,"comment_status":"open","ping_status":"closed","sticky":false,"template":"","format":"standard","meta":[],"categories":[1],"tags":[],"_links":{"self":[{"href":"https:\/\/blog.ilgiornale.it\/ruzzo\/wp-json\/wp\/v2\/posts\/31957"}],"collection":[{"href":"https:\/\/blog.ilgiornale.it\/ruzzo\/wp-json\/wp\/v2\/posts"}],"about":[{"href":"https:\/\/blog.ilgiornale.it\/ruzzo\/wp-json\/wp\/v2\/types\/post"}],"author":[{"embeddable":true,"href":"https:\/\/blog.ilgiornale.it\/ruzzo\/wp-json\/wp\/v2\/users\/956"}],"replies":[{"embeddable":true,"href":"https:\/\/blog.ilgiornale.it\/ruzzo\/wp-json\/wp\/v2\/comments?post=31957"}],"version-history":[{"count":8,"href":"https:\/\/blog.ilgiornale.it\/ruzzo\/wp-json\/wp\/v2\/posts\/31957\/revisions"}],"predecessor-version":[{"id":31966,"href":"https:\/\/blog.ilgiornale.it\/ruzzo\/wp-json\/wp\/v2\/posts\/31957\/revisions\/31966"}],"wp:attachment":[{"href":"https:\/\/blog.ilgiornale.it\/ruzzo\/wp-json\/wp\/v2\/media?parent=31957"}],"wp:term":[{"taxonomy":"category","embeddable":true,"href":"https:\/\/blog.ilgiornale.it\/ruzzo\/wp-json\/wp\/v2\/categories?post=31957"},{"taxonomy":"post_tag","embeddable":true,"href":"https:\/\/blog.ilgiornale.it\/ruzzo\/wp-json\/wp\/v2\/tags?post=31957"}],"curies":[{"name":"wp","href":"https:\/\/api.w.org\/{rel}","templated":true}]}}