{"id":31980,"date":"2022-04-27T19:30:28","date_gmt":"2022-04-27T17:30:28","guid":{"rendered":"https:\/\/blog.ilgiornale.it\/ruzzo\/?p=31980"},"modified":"2022-04-27T19:30:29","modified_gmt":"2022-04-27T17:30:29","slug":"donne-in-viaggio-in-cammino-da-venezia-a-pechino","status":"publish","type":"post","link":"https:\/\/blog.ilgiornale.it\/ruzzo\/2022\/04\/27\/donne-in-viaggio-in-cammino-da-venezia-a-pechino\/","title":{"rendered":"Donne in viaggio: in cammino da Venezia a Pechino"},"content":{"rendered":"<p><a href=\"https:\/\/blog.ilgiornale.it\/ruzzo\/2022\/04\/27\/donne-in-viaggio-in-cammino-da-venezia-a-pechino\/donne\/\" rel=\"attachment wp-att-31981\"><img loading=\"lazy\" class=\"alignleft size-medium wp-image-31981\" src=\"https:\/\/blog.ilgiornale.it\/ruzzo\/files\/2022\/04\/donne-266x300.jpg\" alt=\"\" width=\"266\" height=\"300\" srcset=\"https:\/\/blog.ilgiornale.it\/ruzzo\/files\/2022\/04\/donne-266x300.jpg 266w, https:\/\/blog.ilgiornale.it\/ruzzo\/files\/2022\/04\/donne.jpg 544w\" sizes=\"(max-width: 266px) 100vw, 266px\" \/><\/a>\u00c8 partita ieri, poco dopo mezzogiorno, dal Lazzaretto Nuovo di Venezia con il saluto del presidente dell\u2019Associazione Italia-Cina Giuseppe ZHU che le ha offerto un cappellino rosso e un\u2019essenza che tiene lontano il \u00abmale\u00bb e gli insetti e che in Oriente si usa donare a chi parte per un lungo viaggio. \u00c8 partita e arriver\u00e0 a destinazione a Pechino tra due anni a dicembre, si spera prima di Natale. <strong>Vienna Cammarota,<\/strong> 72 anni, madre di tre figli e nonna di altrettanti nipoti, \u00e8 di Ferlitto nel Cilento ed \u00e8 una delle camminatrici pi\u00f9 famose al mondo: con le sue \u00abimprese\u00bb ha raccontato il patrimonio naturale, storico e culturale del nostro Paese e non solo del nostro Paese. \u00abPerch\u00e9 lo faccio? Me lo chiedo anch\u2019io &#8211; spiega -. Probabilmente perch\u00e9 sono affetta dalla sindrome di Wanderlust, la malattia del viaggiatore, un irrefrenabile desiderio di conoscere popoli e culture. Anche se ora comincio a fare i conti con l\u2019et\u00e0&#8230;\u00bb. Il lungo cammino \u00e8 nel suo Dna e nella sua vita ha gi\u00e0 attraversato Tibet, Amazzonia, Madagascar, Patagonia, Italia, Europa, Israele, Palestina. Ora riprende: 22 mila chilometri per 1.460 giorni di viaggio. Slovenia, Croazia, Serbia, Bulgaria, Turchia, Georgia, Iran. Turkmenistan, Azerbaigian, Uzbekistan, Kirghizistan, Kazakistan, Mongolia da attraversare e alla fine sar\u00e0 la prima donna al Mondo a raccontare la Via della Seta in epoca contemporanea. Un\u2019impresa infinita, che si fa fatica a pensare e forse anche a raccontare, presentata pochi giorni fa nella Serenissima con i vertici di Archeoclub Italia di cui \u00e8 ambasciatrice. Un viaggio che parte dal Lazzaretto Nuovo di Venezia dove ci fu la prima quarantena dell\u2019Occidente, un\u2019isola prima abbandonata ed oggi importante museo ambientale, storico ed archeologico dove \u00e8 possibile ammirare le pitture del \u2019500, i graffiti spontanei dei marinai, le \u00abcamere di contumacia\u00bb, l\u2019area cimiteriale e tutte la documentazione originale legata agli eventi epidemiologici dell\u2019epoca coi disegni e i segni delle pinze che venivano bruciate per sanificare gli ambienti. \u00abL\u2019idea nasce dalla curiosit\u00e0 e dalla storia- racconta- perch\u00e9 personalmente sono molto legata alla storia e terminato il Viaggio in Italia dello scrittore tedesco Wolfgang Goethe, mi sono innamorata di Marco Polo. Su Marco Polo sto imparando tante cose e questo viaggio mi servir\u00e0 per riscoprire le sue tracce\u00bb. Era da un po\u2019 che sognava di partire ma ha dovuto spostare pi\u00f9 volte la data a causa della pandemia. Ora ci siamo ma aspettando si \u00e8 preparata: \u00abSportivamente e mentalmente &#8211; spiega &#8211; ad esempio vivendo da sola per parecchio tempo in un rifugio a 1.600 metri\u00bb. Durante il cammino sar\u00e0 seguita da un fisioterapista, porter\u00e0 con s\u00e9 l\u2019abbigliamento necessario, un pannello solare per ricaricare i telefonini, il Milione, la Bandiera dell\u2019Italia e quella dell\u2019Ucraina perch\u00e9, tra le tante cose, il suo sar\u00e0 anche un viaggio di pace. \u00abSe ho paura? Bisogna sempre avere paura altrimenti non si troverebbe mai il coraggio di fare le cose&#8230;\u00bb.<\/p>\n","protected":false},"excerpt":{"rendered":"<p><p>\u00c8 partita ieri, poco dopo mezzogiorno, dal Lazzaretto Nuovo di Venezia con il saluto del presidente dell\u2019Associazione Italia-Cina Giuseppe ZHU che le ha offerto un cappellino rosso e un\u2019essenza che tiene lontano il \u00abmale\u00bb e gli insetti e che in Oriente si usa donare a chi parte per un lungo viaggio. \u00c8 partita e arriver\u00e0 a destinazione a Pechino tra due anni a dicembre, si spera prima di Natale. Vienna Cammarota, 72 anni, madre di tre figli e nonna di altrettanti nipoti, \u00e8 di Ferlitto nel Cilento ed \u00e8 una delle camminatrici pi\u00f9 famose al mondo: con le sue \u00abimprese\u00bb [&hellip;]<\/p>\n&nbsp;&nbsp;<div class=\"readmore\"><a href=\"https:\/\/blog.ilgiornale.it\/ruzzo\/2022\/04\/27\/donne-in-viaggio-in-cammino-da-venezia-a-pechino\/\">Continua a leggere...<\/a><\/div><\/p>","protected":false},"author":956,"featured_media":0,"comment_status":"open","ping_status":"closed","sticky":false,"template":"","format":"standard","meta":[],"categories":[1],"tags":[],"_links":{"self":[{"href":"https:\/\/blog.ilgiornale.it\/ruzzo\/wp-json\/wp\/v2\/posts\/31980"}],"collection":[{"href":"https:\/\/blog.ilgiornale.it\/ruzzo\/wp-json\/wp\/v2\/posts"}],"about":[{"href":"https:\/\/blog.ilgiornale.it\/ruzzo\/wp-json\/wp\/v2\/types\/post"}],"author":[{"embeddable":true,"href":"https:\/\/blog.ilgiornale.it\/ruzzo\/wp-json\/wp\/v2\/users\/956"}],"replies":[{"embeddable":true,"href":"https:\/\/blog.ilgiornale.it\/ruzzo\/wp-json\/wp\/v2\/comments?post=31980"}],"version-history":[{"count":2,"href":"https:\/\/blog.ilgiornale.it\/ruzzo\/wp-json\/wp\/v2\/posts\/31980\/revisions"}],"predecessor-version":[{"id":31983,"href":"https:\/\/blog.ilgiornale.it\/ruzzo\/wp-json\/wp\/v2\/posts\/31980\/revisions\/31983"}],"wp:attachment":[{"href":"https:\/\/blog.ilgiornale.it\/ruzzo\/wp-json\/wp\/v2\/media?parent=31980"}],"wp:term":[{"taxonomy":"category","embeddable":true,"href":"https:\/\/blog.ilgiornale.it\/ruzzo\/wp-json\/wp\/v2\/categories?post=31980"},{"taxonomy":"post_tag","embeddable":true,"href":"https:\/\/blog.ilgiornale.it\/ruzzo\/wp-json\/wp\/v2\/tags?post=31980"}],"curies":[{"name":"wp","href":"https:\/\/api.w.org\/{rel}","templated":true}]}}