{"id":34043,"date":"2023-04-19T19:06:51","date_gmt":"2023-04-19T17:06:51","guid":{"rendered":"https:\/\/blog.ilgiornale.it\/ruzzo\/?p=34043"},"modified":"2023-04-19T19:06:51","modified_gmt":"2023-04-19T17:06:51","slug":"eroica-da-spazio-agli-juniores","status":"publish","type":"post","link":"https:\/\/blog.ilgiornale.it\/ruzzo\/2023\/04\/19\/eroica-da-spazio-agli-juniores\/","title":{"rendered":"Eroica d\u00e0 spazio agli juniores"},"content":{"rendered":"<p><a href=\"https:\/\/blog.ilgiornale.it\/ruzzo\/2023\/04\/19\/eroica-da-spazio-agli-juniores\/jun\/\" rel=\"attachment wp-att-34044\"><img loading=\"lazy\" class=\"alignleft size-medium wp-image-34044\" src=\"https:\/\/blog.ilgiornale.it\/ruzzo\/files\/2023\/04\/jun-300x182.jpg\" alt=\"\" width=\"300\" height=\"182\" srcset=\"https:\/\/blog.ilgiornale.it\/ruzzo\/files\/2023\/04\/jun-300x182.jpg 300w, https:\/\/blog.ilgiornale.it\/ruzzo\/files\/2023\/04\/jun.jpg 727w\" sizes=\"(max-width: 300px) 100vw, 300px\" \/><\/a>\u201c Poggibonsi si prepara ad ospitare il passaggio e l\u2019arrivo dell\u2019<strong>Eroica Internazionale Juniores Nations Cup<\/strong> e per la prima volta la nostra citt\u00e0 vede il proprio nome legato al marchio dell\u2019Eroica, manifestazione importante e capace di catalizzare e generare grande attenzione e partecipazione \u2013 ha spiegato pochi giorni fa il sindaco di Poggibonsi<strong> David Bussagli<\/strong> \u2013 Una bella occasione di sport, cultura e promozione per il nostro territorio\u201d.\u00a0 A volte in una frase finiscono, non per caso, parole che meglio di altre riescono a racchiudere il senso vero di un evento, di una manifestazione che in tutti questi anni ha cambiato, o restaurato, il concetto di ciclismo.\u00a0 Cultura, promozione e territorio, come spiega bene il sindaco di Poggibonsi sono tre parole che con l&#8217;Eroica hanno un legame strettissimo. Un legame che, dalla difesa delle strade bianche di cui tutti ora hanno capito il valore,\u00a0 entra nei cortili, nei borghi, nei paesi, nelle locande, nelle botteghe dei ciclisti e che coniuga verbi che oggi sembrano desueti come &#8220;riparare&#8221;, &#8220;recuperare&#8221;, &#8220;ritrovarsi&#8221;, &#8220;abbracciarsi&#8221;&#8230; E si potrebbe continuare.\u00a0 Ma c&#8217;\u00e8 un &#8220;dazio&#8221; che, a torto,\u00a0 l&#8217;Eroica paga. Nell&#8217;immaginario di molti viene infatti vissuta come una sfida &#8220;antica&#8221; , un amarcord del ciclismo che fu dove ogni anno si ritrovano nostalgici un po&#8217; fissati e un po&#8217; avanti con l&#8217;et\u00e0. Basta andarci una sola volta per rendersi conto che cos\u00ec non \u00e8. Che l&#8217;Eroica ha invece indicato una via nuova e moderna ad un ciclismo amatoriale che negli ultimi anni si \u00e8 perso in manifestazioni che altro non sono se non la copia sbiadita delle gare dei professionisti. Un &#8220;vorrei ma non posso&#8221;, quello s\u00ec fuori tempo.\u00a0 Ma c&#8217;\u00e8 di pi\u00f9.\u00a0 Ora\u00a0 a fugare ogni dubbio su cosa sia diventato quel variegato contenitore di ciclismo che \u00e8 oggi Eroica, arrivano i giovani,\u00a0 36 squadre juniores da tutta Europa che diventano protagoniste di due eventi internazionali nei prossimi giorni.\u00a0 Venerd\u00ec 21 e sabato 22\u00a0 Siena e provincia ospiteranno infatti la <strong>Coppa delle Nazioni Junior<\/strong>\u00a0mentre\u00a0<strong>domenica 23 aprile\u00a0<\/strong>\u00e8 in programma la terza edizione della\u00a0<strong>Coppa Andrea Meneghelli\u00a0<\/strong>che avr\u00e0 luogo sul percorso, da\u00a0<strong>Siena a Montalcino<\/strong>, collaudato nelle precedenti due edizioni vinte da due fuoriclasse: Pavel Novak nel 2022 e Martin Svrcek nel 2021. \u00a0La\u00a0<strong>Junior Nations\u2019 Cup\u00a0<\/strong>inizier\u00e0 con la cronosquadre da Castelnuovo Berardenga a Rapolano Terme di km 11,8 e sar\u00e0 seguita nel pomeriggio dalla sfida in linea, da Siena a Poggibonsi di km 70,6.\u00a0 Sabato \u00e8 in programma la Siena-Chiusdino di km 109,1 con oltre duemila metri di dislivello. Cinque le classifiche e le maglie di leader previste dal regolamento: &#8220;maglia Eroica amaranto&#8221; classifica generale, &#8220;maglia rossa&#8221; classifica a punti, &#8220;maglia verde&#8221; classifica GPM, &#8220;maglia bianca&#8221; classifica giovani, &#8220;magli azzurra&#8221; classifica traguardi volanti. \u201cIl percorso \u2013 spiega\u00a0<strong>Franco Ross<\/strong>i, presidente di\u00a0<strong>Eroica Italia ssd<\/strong>, insiste su un territorio che il mondo ci invidia. Sono 114\u00a0chilometri di straordinaria bellezza paesaggistica e sportiva&#8221;. Dopo due edizioni &#8220;nazionali&#8221; da quest&#8217;anno la Coppa Andrea Meneghelli Junior \u00e8 inserita nel calendario internazionale dell&#8217;Unione Ciclistica Internazionale<\/p>\n","protected":false},"excerpt":{"rendered":"<p><p>\u201c Poggibonsi si prepara ad ospitare il passaggio e l\u2019arrivo dell\u2019Eroica Internazionale Juniores Nations Cup e per la prima volta la nostra citt\u00e0 vede il proprio nome legato al marchio dell\u2019Eroica, manifestazione importante e capace di catalizzare e generare grande attenzione e partecipazione \u2013 ha spiegato pochi giorni fa il sindaco di Poggibonsi David Bussagli \u2013 Una bella occasione di sport, cultura e promozione per il nostro territorio\u201d.\u00a0 A volte in una frase finiscono, non per caso, parole che meglio di altre riescono a racchiudere il senso vero di un evento, di una manifestazione che in tutti questi anni ha [&hellip;]<\/p>\n&nbsp;&nbsp;<div class=\"readmore\"><a href=\"https:\/\/blog.ilgiornale.it\/ruzzo\/2023\/04\/19\/eroica-da-spazio-agli-juniores\/\">Continua a leggere...<\/a><\/div><\/p>","protected":false},"author":956,"featured_media":0,"comment_status":"open","ping_status":"closed","sticky":false,"template":"","format":"standard","meta":[],"categories":[1],"tags":[],"_links":{"self":[{"href":"https:\/\/blog.ilgiornale.it\/ruzzo\/wp-json\/wp\/v2\/posts\/34043"}],"collection":[{"href":"https:\/\/blog.ilgiornale.it\/ruzzo\/wp-json\/wp\/v2\/posts"}],"about":[{"href":"https:\/\/blog.ilgiornale.it\/ruzzo\/wp-json\/wp\/v2\/types\/post"}],"author":[{"embeddable":true,"href":"https:\/\/blog.ilgiornale.it\/ruzzo\/wp-json\/wp\/v2\/users\/956"}],"replies":[{"embeddable":true,"href":"https:\/\/blog.ilgiornale.it\/ruzzo\/wp-json\/wp\/v2\/comments?post=34043"}],"version-history":[{"count":2,"href":"https:\/\/blog.ilgiornale.it\/ruzzo\/wp-json\/wp\/v2\/posts\/34043\/revisions"}],"predecessor-version":[{"id":34046,"href":"https:\/\/blog.ilgiornale.it\/ruzzo\/wp-json\/wp\/v2\/posts\/34043\/revisions\/34046"}],"wp:attachment":[{"href":"https:\/\/blog.ilgiornale.it\/ruzzo\/wp-json\/wp\/v2\/media?parent=34043"}],"wp:term":[{"taxonomy":"category","embeddable":true,"href":"https:\/\/blog.ilgiornale.it\/ruzzo\/wp-json\/wp\/v2\/categories?post=34043"},{"taxonomy":"post_tag","embeddable":true,"href":"https:\/\/blog.ilgiornale.it\/ruzzo\/wp-json\/wp\/v2\/tags?post=34043"}],"curies":[{"name":"wp","href":"https:\/\/api.w.org\/{rel}","templated":true}]}}