{"id":34061,"date":"2023-04-22T17:35:33","date_gmt":"2023-04-22T15:35:33","guid":{"rendered":"https:\/\/blog.ilgiornale.it\/ruzzo\/?p=34061"},"modified":"2023-04-22T17:35:33","modified_gmt":"2023-04-22T15:35:33","slug":"sei-anni-fa-moriva-michele-scarponi-il-suo-dono-ora-e-la-fondazione","status":"publish","type":"post","link":"https:\/\/blog.ilgiornale.it\/ruzzo\/2023\/04\/22\/sei-anni-fa-moriva-michele-scarponi-il-suo-dono-ora-e-la-fondazione\/","title":{"rendered":"Sei anni fa moriva Michele Scarponi: il suo dono ora \u00e8 la Fondazione"},"content":{"rendered":"<p><strong><a href=\"https:\/\/blog.ilgiornale.it\/ruzzo\/2023\/04\/22\/sei-anni-fa-moriva-michele-scarponi-il-suo-dono-ora-e-la-fondazione\/mick\/\" rel=\"attachment wp-att-34062\"><img loading=\"lazy\" class=\"alignleft size-medium wp-image-34062\" src=\"https:\/\/blog.ilgiornale.it\/ruzzo\/files\/2023\/04\/mick-300x164.jpg\" alt=\"\" width=\"300\" height=\"164\" srcset=\"https:\/\/blog.ilgiornale.it\/ruzzo\/files\/2023\/04\/mick-300x164.jpg 300w, https:\/\/blog.ilgiornale.it\/ruzzo\/files\/2023\/04\/mick.jpg 673w\" sizes=\"(max-width: 300px) 100vw, 300px\" \/><\/a>\u201cMichele\u00a0<\/strong> era un campione, sapeva vincere e aspettare, un po\u2019 come capitano e un po\u2019 come gregario. Il suo dono per tutti noi \u00e8 il richiamo all\u2019attenzione e al rispetto sulle strade, affinch\u00e9 tutti, ciclisti e non, possano condividere quelle lingue d\u2019asfalto troppo spesso infernali\u201d. E\u2019 dal l 22 aprile di sei anni fa che <strong>Marco Scarponi,<\/strong> il fratello di Michele, si \u00e8 messo in strada. Una strada di dolore che, quasi con un miracolo, sta trasformando con la sua famiglia e con la <strong>Fondazione<\/strong> intitolata a suo fratello,\u00a0 in una strada d\u2019amore. Da una strada all\u2019altra perch\u00e8 qualcosa resti, rimanga per sempre. Perch\u00e8 non ci siano pi\u00f9 altri maledetti incroci come quello di Filottrano, perch\u00e8 non ci siano pi\u00f9 furgoni impazziti,\u00a0 accecati dal sole, distratti dai telefonini. \u00abOggi ricorrono i sei anni dalla scomparsa di Michele- ricorda il senatore dem <strong>Alberto Losacco<\/strong>&#8211; In questi sei anni\u00a0 il ricordo non si \u00e8 mai spento n\u00e9 svanito. La sua famiglia ha dato vita ad una Fondazione che, oltre a portare il suo nome, sensibilizza grandi e piccoli sulla sicurezza stradale\u00bb. \u00abE porta il nome di Michele il disegno di legge che ho presentato in Senato: la <strong>Legge\u00a0 <span style=\"color: #000000\">Scarponi<\/span><\/strong> \u00e8 per lui ma \u00e8 anche per responsabilizzare i conducenti verso tutte le donne, gli uomini e i bambini che percorrono la strada in sella ad una bici. L\u2019introduzione della distanza minima di sorpasso di 1,5 metri \u00e8 un passo fondamentale per garantire pi\u00f9 sicurezza sulle strade. Perch\u00e9, come ricorda la Fondazione #LaStrada\u00e8DiTutti a partire dal pi\u00f9 fragile\u00bb. Sei anni sono un attimo e un&#8217;eternit\u00e0, un sospiro e un ricordo mai sbiadito, sono la foto di quel maledetto incrocio, sono il vetro rotto di un furgone, una bici a terra, sono il dramma di un altro uomo, il piastrellista di 58 anni che lo invest\u00ec, che se n&#8217;\u00e8 andato lui pure un anno dopo, che non si \u00e8 mai dato pace. Cosa resta di Michele Scarponi?\u00a0 La sua capacit\u00e0 di sorridere, di sdrammatizzare, la sua gentilezza e la sua generosit\u00e0. La sua classe che lo port\u00f2 a vincere tanto, anche un Giro, la sua imprevedibilit\u00e0 in corsa e non solo in corsa. Ma resta soprattutto la <strong>Fondazione Michel Scarponi<\/strong> che lavora per la sicurezza di tutti sulla strada promuovendo e finanziando progetti che hanno come fine l\u2019educazione al corretto comportamento stradale, a una cultura del rispetto delle regole e dell\u2019altro. Un lavoro enorme,\u00a0 &#8220;un dono che Michele e la sua famiglia hanno voluto fare all\u2019umanit\u00e0 si legge sul sito- per ricordare che la memoria di Michele \u00e8 custodita dentro un futuro migliore&#8221;. Ci\u00f2 che che stiamo cercando<\/p>\n","protected":false},"excerpt":{"rendered":"<p><p>\u201cMichele\u00a0 era un campione, sapeva vincere e aspettare, un po\u2019 come capitano e un po\u2019 come gregario. Il suo dono per tutti noi \u00e8 il richiamo all\u2019attenzione e al rispetto sulle strade, affinch\u00e9 tutti, ciclisti e non, possano condividere quelle lingue d\u2019asfalto troppo spesso infernali\u201d. E\u2019 dal l 22 aprile di sei anni fa che Marco Scarponi, il fratello di Michele, si \u00e8 messo in strada. Una strada di dolore che, quasi con un miracolo, sta trasformando con la sua famiglia e con la Fondazione intitolata a suo fratello,\u00a0 in una strada d\u2019amore. Da una strada all\u2019altra perch\u00e8 qualcosa resti, [&hellip;]<\/p>\n&nbsp;&nbsp;<div class=\"readmore\"><a href=\"https:\/\/blog.ilgiornale.it\/ruzzo\/2023\/04\/22\/sei-anni-fa-moriva-michele-scarponi-il-suo-dono-ora-e-la-fondazione\/\">Continua a leggere...<\/a><\/div><\/p>","protected":false},"author":956,"featured_media":0,"comment_status":"open","ping_status":"closed","sticky":false,"template":"","format":"standard","meta":[],"categories":[1],"tags":[],"_links":{"self":[{"href":"https:\/\/blog.ilgiornale.it\/ruzzo\/wp-json\/wp\/v2\/posts\/34061"}],"collection":[{"href":"https:\/\/blog.ilgiornale.it\/ruzzo\/wp-json\/wp\/v2\/posts"}],"about":[{"href":"https:\/\/blog.ilgiornale.it\/ruzzo\/wp-json\/wp\/v2\/types\/post"}],"author":[{"embeddable":true,"href":"https:\/\/blog.ilgiornale.it\/ruzzo\/wp-json\/wp\/v2\/users\/956"}],"replies":[{"embeddable":true,"href":"https:\/\/blog.ilgiornale.it\/ruzzo\/wp-json\/wp\/v2\/comments?post=34061"}],"version-history":[{"count":2,"href":"https:\/\/blog.ilgiornale.it\/ruzzo\/wp-json\/wp\/v2\/posts\/34061\/revisions"}],"predecessor-version":[{"id":34064,"href":"https:\/\/blog.ilgiornale.it\/ruzzo\/wp-json\/wp\/v2\/posts\/34061\/revisions\/34064"}],"wp:attachment":[{"href":"https:\/\/blog.ilgiornale.it\/ruzzo\/wp-json\/wp\/v2\/media?parent=34061"}],"wp:term":[{"taxonomy":"category","embeddable":true,"href":"https:\/\/blog.ilgiornale.it\/ruzzo\/wp-json\/wp\/v2\/categories?post=34061"},{"taxonomy":"post_tag","embeddable":true,"href":"https:\/\/blog.ilgiornale.it\/ruzzo\/wp-json\/wp\/v2\/tags?post=34061"}],"curies":[{"name":"wp","href":"https:\/\/api.w.org\/{rel}","templated":true}]}}