{"id":34067,"date":"2023-04-23T17:45:16","date_gmt":"2023-04-23T15:45:16","guid":{"rendered":"https:\/\/blog.ilgiornale.it\/ruzzo\/?p=34067"},"modified":"2023-04-23T17:45:16","modified_gmt":"2023-04-23T15:45:16","slug":"a-desenzano-e-tornata-la-coppa-cobram-avanti-merdacce","status":"publish","type":"post","link":"https:\/\/blog.ilgiornale.it\/ruzzo\/2023\/04\/23\/a-desenzano-e-tornata-la-coppa-cobram-avanti-merdacce\/","title":{"rendered":"A Desenzano \u00e8 tornata la Coppa Cobram: &#8220;Avanti merdacce&#8230;&#8221;"},"content":{"rendered":"<p><a href=\"https:\/\/blog.ilgiornale.it\/ruzzo\/2023\/04\/23\/a-desenzano-e-tornata-la-coppa-cobram-avanti-merdacce\/cobram2\/\" rel=\"attachment wp-att-34068\"><img loading=\"lazy\" class=\"alignright size-medium wp-image-34068\" src=\"https:\/\/blog.ilgiornale.it\/ruzzo\/files\/2023\/04\/cobram2-300x199.jpg\" alt=\"\" width=\"300\" height=\"199\" srcset=\"https:\/\/blog.ilgiornale.it\/ruzzo\/files\/2023\/04\/cobram2-300x199.jpg 300w, https:\/\/blog.ilgiornale.it\/ruzzo\/files\/2023\/04\/cobram2-1024x678.jpg 1024w, https:\/\/blog.ilgiornale.it\/ruzzo\/files\/2023\/04\/cobram2-768x508.jpg 768w, https:\/\/blog.ilgiornale.it\/ruzzo\/files\/2023\/04\/cobram2.jpg 1328w\" sizes=\"(max-width: 300px) 100vw, 300px\" \/><\/a>Al grido di \u201cAvanti merdacce&#8221; il Visconte Biciclettaio Matto <strong>Mauro Bresciani,<\/strong> folle ideatore dell\u2019appuntamento, ha guidato questa irriverente pedalata dei 400 perdenti, rievocatori anche nello stile dell\u2019universo fantozziano tra grazielle, bici d\u2019epoca o storiche e pantaloni ascellari che ha ripreso la sua corsa questa mattina a Desenzano sul Garda , dopo quattro anni di stop, grazie al supporto di TriO Events e con il patrocinio della Citt\u00e0 di Desenzano , per esorcizzare col sorriso quell\u2019umana inferiorit\u00e0 incarnata dall&#8217;immortale interpretazione di <strong>Paolo Villaggio<\/strong>. Dopo la punzonatura a Palazzo Todeschini, lungo l\u2019anello nel centro della cittadina, con partenza e arrivo in Piazza Cappelletti, non potevano mancare, sulla &#8220;cima del diavolo&#8221; desenzanese, la terrificante tempesta con epicentro a 50\u00b0 sotto zero e la Trattoria al Curvone. Ben 43 anni sono trascorsi dalla messa in onda del terzo episodio della saga, ma mai si estinguer\u00e0 quella italica empatia con il ragioniere pi\u00f9 sfigato di tutti i tempi. Perch\u00e9 c&#8217;\u00e8 un Fantozzi che si cela, neanche troppo, in ognuno di noi. Tre chilometri, a un ritmo improbabile, scanditi da esilaranti sketch e demenziali rievocazioni ad opera di signorine Silvani, ragionieri Filini, geometri Belli, Contesse Serbelloni Mazzanti Vien dal Mare e anche di un esercito di Tozzi Fan, tutti dotati dell\u2019esplosiva Bomba nella borraccia Coppa Cobram. Ad accompagnare il fiume di ciclisti con camere d\u2019aria a tracolla, acclamato da un caloroso pubblico, la musica in movimento della Rusty Brass band, l\u2019epico carro funebre e la fondamentale Assistenza Medica Merdacce. \u201cQuesta ripartenza \u00e8 solo l\u2019inizio \u2013 commenta l\u2019entusiasta Mauro Bresciani, il Visconte Biciclettaio Matto Cobram \u2013 Ci piacerebbe portare la Coppa Cobram in tutta Italia, soprattutto per promuovere la storia del cinema italiano e della bicicletta, oltre ogni spirito competitivo, anche tra i giovanissimi, che non conoscono questa pietra miliare della nostra infanzia. Un vero e proprio spaccato, sempre attualissimo, della societ\u00e0\u201d.\u00a0 La Coppa Cobram \u00e8 tornata e ora: &#8220;tutti a Pinerolo, alla bersagliera&#8230;&#8221;<\/p>\n","protected":false},"excerpt":{"rendered":"<p><p>Al grido di \u201cAvanti merdacce&#8221; il Visconte Biciclettaio Matto Mauro Bresciani, folle ideatore dell\u2019appuntamento, ha guidato questa irriverente pedalata dei 400 perdenti, rievocatori anche nello stile dell\u2019universo fantozziano tra grazielle, bici d\u2019epoca o storiche e pantaloni ascellari che ha ripreso la sua corsa questa mattina a Desenzano sul Garda , dopo quattro anni di stop, grazie al supporto di TriO Events e con il patrocinio della Citt\u00e0 di Desenzano , per esorcizzare col sorriso quell\u2019umana inferiorit\u00e0 incarnata dall&#8217;immortale interpretazione di Paolo Villaggio. Dopo la punzonatura a Palazzo Todeschini, lungo l\u2019anello nel centro della cittadina, con partenza e arrivo in Piazza [&hellip;]<\/p>\n&nbsp;&nbsp;<div class=\"readmore\"><a href=\"https:\/\/blog.ilgiornale.it\/ruzzo\/2023\/04\/23\/a-desenzano-e-tornata-la-coppa-cobram-avanti-merdacce\/\">Continua a leggere...<\/a><\/div><\/p>","protected":false},"author":956,"featured_media":0,"comment_status":"open","ping_status":"closed","sticky":false,"template":"","format":"standard","meta":[],"categories":[1],"tags":[],"_links":{"self":[{"href":"https:\/\/blog.ilgiornale.it\/ruzzo\/wp-json\/wp\/v2\/posts\/34067"}],"collection":[{"href":"https:\/\/blog.ilgiornale.it\/ruzzo\/wp-json\/wp\/v2\/posts"}],"about":[{"href":"https:\/\/blog.ilgiornale.it\/ruzzo\/wp-json\/wp\/v2\/types\/post"}],"author":[{"embeddable":true,"href":"https:\/\/blog.ilgiornale.it\/ruzzo\/wp-json\/wp\/v2\/users\/956"}],"replies":[{"embeddable":true,"href":"https:\/\/blog.ilgiornale.it\/ruzzo\/wp-json\/wp\/v2\/comments?post=34067"}],"version-history":[{"count":2,"href":"https:\/\/blog.ilgiornale.it\/ruzzo\/wp-json\/wp\/v2\/posts\/34067\/revisions"}],"predecessor-version":[{"id":34070,"href":"https:\/\/blog.ilgiornale.it\/ruzzo\/wp-json\/wp\/v2\/posts\/34067\/revisions\/34070"}],"wp:attachment":[{"href":"https:\/\/blog.ilgiornale.it\/ruzzo\/wp-json\/wp\/v2\/media?parent=34067"}],"wp:term":[{"taxonomy":"category","embeddable":true,"href":"https:\/\/blog.ilgiornale.it\/ruzzo\/wp-json\/wp\/v2\/categories?post=34067"},{"taxonomy":"post_tag","embeddable":true,"href":"https:\/\/blog.ilgiornale.it\/ruzzo\/wp-json\/wp\/v2\/tags?post=34067"}],"curies":[{"name":"wp","href":"https:\/\/api.w.org\/{rel}","templated":true}]}}