{"id":34180,"date":"2023-05-13T19:20:15","date_gmt":"2023-05-13T17:20:15","guid":{"rendered":"https:\/\/blog.ilgiornale.it\/ruzzo\/?p=34180"},"modified":"2023-05-13T20:34:51","modified_gmt":"2023-05-13T18:34:51","slug":"al-giro-vince-healy-lirlandese-che-pedala-male-ma-va-forte","status":"publish","type":"post","link":"https:\/\/blog.ilgiornale.it\/ruzzo\/2023\/05\/13\/al-giro-vince-healy-lirlandese-che-pedala-male-ma-va-forte\/","title":{"rendered":"Al Giro vince Healy, l&#8217;irlandese che pedala male (ma va forte)"},"content":{"rendered":"<p><a href=\"https:\/\/blog.ilgiornale.it\/ruzzo\/2023\/05\/13\/al-giro-vince-healy-lirlandese-che-pedala-male-ma-va-forte\/ben3\/\" rel=\"attachment wp-att-34182\"><img loading=\"lazy\" class=\"alignright size-medium wp-image-34182\" src=\"https:\/\/blog.ilgiornale.it\/ruzzo\/files\/2023\/05\/ben3-300x293.jpg\" alt=\"\" width=\"300\" height=\"293\" srcset=\"https:\/\/blog.ilgiornale.it\/ruzzo\/files\/2023\/05\/ben3-300x293.jpg 300w, https:\/\/blog.ilgiornale.it\/ruzzo\/files\/2023\/05\/ben3.jpg 694w\" sizes=\"(max-width: 300px) 100vw, 300px\" \/><\/a>Lo vedi pedalare e non gli dai due lire&#8230;Anzi due sterline irlandesi visto che <strong>Ben Healy<\/strong>, nato 23 anni fa a Kingswinford\u00a0 nelle Midlands occidentali inglesi a 5 miglia\u00a0 da Dudley, in realt\u00e0 \u00e8 irlandese perch\u00e8 irlandesi sono i suoi suoi e lui ha preferito il passaporto di famiglia pensando che in Irlanda avrebbe avuto pi\u00f9 possibilit\u00e0 di pedalare e farsi notare che non in Inghilterra. Capelli\u00a0 lunghi, barba lasciata andare, orecchini, faccia scanzonata e sorrisetto furbo di chi non si capisce bene se sia pi\u00f9 timido o gi\u00e0 la sappia lunga,\u00a0 uno cos\u00ec te lo aspetti di pi\u00f9 in un pub del Donegal o a un concerto dei Pogues o dei Waterboys. Invece te lo ritrovi al Giro d&#8217;Italia in bici e lo riconosci da lontano perch\u00e8 pedala male. Ma proprio male.\u00a0 E&#8217; tutto storto, sta con i piedi larghi, si alza, si risiede, scatta, si agita con le spalle, scatta di nuovo.\u00a0 Non \u00e8 un modello di stile, per\u00f2 va forte, fortissimo e quindi gli si perdona parecchio. E&#8217; uno di quei corridori che ha l&#8217;allergia a stare in gruppo, infatti appena pu\u00f2 se ne va da solo. Sembra che scatti per caso, perch\u00e8 qualche centinaio di metri pi\u00f9 avanti ha appuntamento con i\u00a0 parenti da salutare,\u00a0 e poi non lo prendi pi\u00f9. Come oggi nella tappa che partiva da Terni e arrivava a Fossombrone, 207 chilometri agitati quanto un elettrocardiogramma che hanno spiegato che domani <strong>Remco Evenepoel<\/strong> vincer\u00e0 la crono ma che <strong>Primoz Roglic<\/strong> in salita lo pu\u00f2 staccare. E forse anche <strong>Geraint Thomas<\/strong>\u00a0ed anche <strong>Tao Geoghegan Hart<\/strong>.\u00a0 Due corse. Nella sua Haley un bel po&#8217; di chilometri se li \u00e8 fatti da solo. Sulla salita dei Cappuccini ha fatto capire subito che lo stile a volte non \u00e8 tutto, che nel ciclismo conta di pi\u00f9 andare veloce, che tanti anni fa quando aveva pensato che la sua carriera ciclistica fosse in mountainbike ha fatto bene\u00a0 a cambiare idea. A dire il vero\u00a0 a fargliela cambiare erano stati\u00a0 i tecnici irlandesi della sua squadra di allora che gli avevano fatto intendere che non era cosa e lo avevano scartato.\u00a0 Ma\u00a0 la fine spesso \u00e8 un nuovo inizio e cos\u00ec il giovane irlandese aveva pensato (bene) di provarci in strada incoraggiato da <strong>Martin O&#8217;Loughlin<\/strong> l&#8217;uomo che ha ricostruito il ciclismo della nazionale irlandese. L&#8217;aveva preso in parola vincendo la Ronde de l&#8217;Isard in Francia, considerata una delle migliori gare under 23 al mondo, e un tappa al Tour de l&#8217;Avenir. Poi sono arrivati la Zappi, il contratto con la Trinity e, due anni fa, quello da professionista con la Education First. &#8220;Il ragazzo si far\u00e0 anche se ha le spalle strette&#8230;&#8221;\u00a0 canterebbe <strong>Francesco\u00a0 De Gregori<\/strong> se la &#8220;Leva calcistica del 68&#8221; fosse stata scritta per un ciclista&#8230;In effetti Ben, 175 centimetri d&#8217;altezza per 64 chili,\u00a0 di strada dovr\u00e0 farne ancora un po&#8217; per chiarirsi le idee perch\u00e8 cosa sia adesso non lo sa forse neppure lui. Se un passista, se uno scalatore, se un finisseur, se un corridore per le corse a tappe, se qualcos&#8217;altro ancora.\u00a0 Ama la bici e ama pedalare e qui al Giro due anni fa lo aveva gi\u00e0 fatto capire vincendo una tappa al Giro Baby che \u00e8 un bel segnale ma spesso non vuol dir nulla perch\u00e8 poi tanti si perdono&#8230; Oggi per\u00f2 la tappa vinta conta eccome, come contano le vittorie di questo inizio 2023:\u00a0 primo a Forl\u00ec nella terza tappa della Settimana Internazionale Coppi&amp;Bartali; primo a Larciano nel Gp Industria e Artigianato, secondo nelle Ardenne nella Freccia del Brabante\u00a0 e il secondo nell\u2019Amstel Gold Race quando \u00e8 stato l&#8217;ultimo ad arrendersi sul Kortenberg a quel fenomeno di Tadej Pogacar. E per uno che pedala male, non \u00e8 male, al di l\u00e0 dei giochi di parole&#8230;&#8221;Ho avuto una buona occasione e non me la sono lasciata sfuggire- ha spiegato sul traguardo di Fossombrone-\u00a0 Avevo pensato che quella di oggi sarebbe stata una giornata ideale per centrare la fuga e sono riuscito a entrare nel gruppetto che si \u00e8 giocato la vittoria. Negli ultimi due mesi sono andato bene e sto ottenendo grandi risultati.\u00a0 Voglio godermi questo successo e renderlo un punto di partenza per far bene nelle tappe che restano\u00bb. E piano piano la sua faccia ruba spazio a quella di Sam Bennet, volto noto di una generazione &#8220;easy going&#8221; che al buon carattere irlandese aggiunge nel suo caso classe e tenacia. Il primo a capire che aveva la stoffa \u00e8 stato suo nonno che, quando lo ha visto pedalare anni fa su una strada di Cork, si \u00e8 messo le mani nei capelli pensando forse ci\u00f2 che pensano un po&#8217; tutti: &#8220;My god quanto va forte&#8230; Per\u00f2 pedala proprio male&#8230;&#8221;<\/p>\n","protected":false},"excerpt":{"rendered":"<p><p>Lo vedi pedalare e non gli dai due lire&#8230;Anzi due sterline irlandesi visto che Ben Healy, nato 23 anni fa a Kingswinford\u00a0 nelle Midlands occidentali inglesi a 5 miglia\u00a0 da Dudley, in realt\u00e0 \u00e8 irlandese perch\u00e8 irlandesi sono i suoi suoi e lui ha preferito il passaporto di famiglia pensando che in Irlanda avrebbe avuto pi\u00f9 possibilit\u00e0 di pedalare e farsi notare che non in Inghilterra. Capelli\u00a0 lunghi, barba lasciata andare, orecchini, faccia scanzonata e sorrisetto furbo di chi non si capisce bene se sia pi\u00f9 timido o gi\u00e0 la sappia lunga,\u00a0 uno cos\u00ec te lo aspetti di pi\u00f9 in [&hellip;]<\/p>\n&nbsp;&nbsp;<div class=\"readmore\"><a href=\"https:\/\/blog.ilgiornale.it\/ruzzo\/2023\/05\/13\/al-giro-vince-healy-lirlandese-che-pedala-male-ma-va-forte\/\">Continua a leggere...<\/a><\/div><\/p>","protected":false},"author":956,"featured_media":0,"comment_status":"open","ping_status":"closed","sticky":false,"template":"","format":"standard","meta":[],"categories":[1],"tags":[],"_links":{"self":[{"href":"https:\/\/blog.ilgiornale.it\/ruzzo\/wp-json\/wp\/v2\/posts\/34180"}],"collection":[{"href":"https:\/\/blog.ilgiornale.it\/ruzzo\/wp-json\/wp\/v2\/posts"}],"about":[{"href":"https:\/\/blog.ilgiornale.it\/ruzzo\/wp-json\/wp\/v2\/types\/post"}],"author":[{"embeddable":true,"href":"https:\/\/blog.ilgiornale.it\/ruzzo\/wp-json\/wp\/v2\/users\/956"}],"replies":[{"embeddable":true,"href":"https:\/\/blog.ilgiornale.it\/ruzzo\/wp-json\/wp\/v2\/comments?post=34180"}],"version-history":[{"count":5,"href":"https:\/\/blog.ilgiornale.it\/ruzzo\/wp-json\/wp\/v2\/posts\/34180\/revisions"}],"predecessor-version":[{"id":34187,"href":"https:\/\/blog.ilgiornale.it\/ruzzo\/wp-json\/wp\/v2\/posts\/34180\/revisions\/34187"}],"wp:attachment":[{"href":"https:\/\/blog.ilgiornale.it\/ruzzo\/wp-json\/wp\/v2\/media?parent=34180"}],"wp:term":[{"taxonomy":"category","embeddable":true,"href":"https:\/\/blog.ilgiornale.it\/ruzzo\/wp-json\/wp\/v2\/categories?post=34180"},{"taxonomy":"post_tag","embeddable":true,"href":"https:\/\/blog.ilgiornale.it\/ruzzo\/wp-json\/wp\/v2\/tags?post=34180"}],"curies":[{"name":"wp","href":"https:\/\/api.w.org\/{rel}","templated":true}]}}