{"id":34201,"date":"2023-05-14T23:03:55","date_gmt":"2023-05-14T21:03:55","guid":{"rendered":"https:\/\/blog.ilgiornale.it\/ruzzo\/?p=34201"},"modified":"2023-05-14T23:10:32","modified_gmt":"2023-05-14T21:10:32","slug":"evenepoel-lascia-il-giro-positivo-al-covid","status":"publish","type":"post","link":"https:\/\/blog.ilgiornale.it\/ruzzo\/2023\/05\/14\/evenepoel-lascia-il-giro-positivo-al-covid\/","title":{"rendered":"Evenepoel lascia il Giro: positivo al Covid"},"content":{"rendered":"<p><a href=\"https:\/\/blog.ilgiornale.it\/ruzzo\/2023\/05\/14\/evenepoel-lascia-il-giro-positivo-al-covid\/remco-2\/\" rel=\"attachment wp-att-34202\"><img loading=\"lazy\" class=\"alignleft size-medium wp-image-34202\" src=\"https:\/\/blog.ilgiornale.it\/ruzzo\/files\/2023\/05\/remco-223x300.jpg\" alt=\"\" width=\"223\" height=\"300\" srcset=\"https:\/\/blog.ilgiornale.it\/ruzzo\/files\/2023\/05\/remco-223x300.jpg 223w, https:\/\/blog.ilgiornale.it\/ruzzo\/files\/2023\/05\/remco.jpg 518w\" sizes=\"(max-width: 223px) 100vw, 223px\" \/><\/a>&#8220;E&#8217; con il cuore pesante\u00a0 che annuncio che sono costretto a lasciare il Giro dopo che, nei controlli di routine, \u00e8 stata accertata la mia positivit\u00e0 al Covid. La mia esperienza fin qui \u00e8 stata realmente speciale e non potr\u00f2 gareggiare per le prossime due settimane. Ringrazio la mia squadra per i sacrifici fatti nelle preparazione del Giro e sono orgoglioso di aver vinto due tappe e aver tenuto per quattro giorni la maglia rosa&#8230;&#8221;. <strong>Remco Evenepoel<\/strong> lascia il Giro. L&#8217;annuncio pochi minuti fa sul suo profilo Instagram con un comunicato ufficiale del su team. Il belga, dopo aver riconquistato oggi la maglia rosa vincendo per un secondo la crono di Cesena, alza quindi bandiera bianca. Dopo il nostro Filippo Ganna, che due giorni fa non \u00e8 partito per la positivit\u00e0 al virus, tocca quindi ora al campione del mondo, tra i favoriti per la vittoria finale. Domani \u00e8 il giorno di riposo e poi il Giro riprender\u00e0 per le due settimane finali. C&#8217;\u00e8 da chiedersi a questo punto come si arriver\u00e0, e chi arriver\u00e0, alla fine a Roma perch\u00e8\u00a0 i controlli e i tamponi che si faranno oggi nel giorno di riposo potrebbero anche riservare altre sorprese e viene da chiedersi perch\u00e8, con l&#8217;annuncio da parte della autorit\u00e0 sanitarie della fine della pandemia, si continuino\u00a0 a fare i tamponi a tappeto&#8230;Dopodomani in maglia rosa dovrebbe partire Geraint Thomas. Ma ormai il condizionale \u00e8 d&#8217;obbligo<\/p>\n","protected":false},"excerpt":{"rendered":"<p><p>&#8220;E&#8217; con il cuore pesante\u00a0 che annuncio che sono costretto a lasciare il Giro dopo che, nei controlli di routine, \u00e8 stata accertata la mia positivit\u00e0 al Covid. La mia esperienza fin qui \u00e8 stata realmente speciale e non potr\u00f2 gareggiare per le prossime due settimane. Ringrazio la mia squadra per i sacrifici fatti nelle preparazione del Giro e sono orgoglioso di aver vinto due tappe e aver tenuto per quattro giorni la maglia rosa&#8230;&#8221;. Remco Evenepoel lascia il Giro. L&#8217;annuncio pochi minuti fa sul suo profilo Instagram con un comunicato ufficiale del su team. Il belga, dopo aver riconquistato [&hellip;]<\/p>\n&nbsp;&nbsp;<div class=\"readmore\"><a href=\"https:\/\/blog.ilgiornale.it\/ruzzo\/2023\/05\/14\/evenepoel-lascia-il-giro-positivo-al-covid\/\">Continua a leggere...<\/a><\/div><\/p>","protected":false},"author":956,"featured_media":0,"comment_status":"open","ping_status":"closed","sticky":false,"template":"","format":"standard","meta":[],"categories":[1],"tags":[],"_links":{"self":[{"href":"https:\/\/blog.ilgiornale.it\/ruzzo\/wp-json\/wp\/v2\/posts\/34201"}],"collection":[{"href":"https:\/\/blog.ilgiornale.it\/ruzzo\/wp-json\/wp\/v2\/posts"}],"about":[{"href":"https:\/\/blog.ilgiornale.it\/ruzzo\/wp-json\/wp\/v2\/types\/post"}],"author":[{"embeddable":true,"href":"https:\/\/blog.ilgiornale.it\/ruzzo\/wp-json\/wp\/v2\/users\/956"}],"replies":[{"embeddable":true,"href":"https:\/\/blog.ilgiornale.it\/ruzzo\/wp-json\/wp\/v2\/comments?post=34201"}],"version-history":[{"count":4,"href":"https:\/\/blog.ilgiornale.it\/ruzzo\/wp-json\/wp\/v2\/posts\/34201\/revisions"}],"predecessor-version":[{"id":34206,"href":"https:\/\/blog.ilgiornale.it\/ruzzo\/wp-json\/wp\/v2\/posts\/34201\/revisions\/34206"}],"wp:attachment":[{"href":"https:\/\/blog.ilgiornale.it\/ruzzo\/wp-json\/wp\/v2\/media?parent=34201"}],"wp:term":[{"taxonomy":"category","embeddable":true,"href":"https:\/\/blog.ilgiornale.it\/ruzzo\/wp-json\/wp\/v2\/categories?post=34201"},{"taxonomy":"post_tag","embeddable":true,"href":"https:\/\/blog.ilgiornale.it\/ruzzo\/wp-json\/wp\/v2\/tags?post=34201"}],"curies":[{"name":"wp","href":"https:\/\/api.w.org\/{rel}","templated":true}]}}