{"id":34220,"date":"2023-05-17T16:17:52","date_gmt":"2023-05-17T14:17:52","guid":{"rendered":"https:\/\/blog.ilgiornale.it\/ruzzo\/?p=34220"},"modified":"2023-05-17T18:27:51","modified_gmt":"2023-05-17T16:27:51","slug":"emergenza-maltempo-in-romagna-rinviata-la-nove-colli","status":"publish","type":"post","link":"https:\/\/blog.ilgiornale.it\/ruzzo\/2023\/05\/17\/emergenza-maltempo-in-romagna-rinviata-la-nove-colli\/","title":{"rendered":"Emergenza maltempo in Romagna: rinviata la Nove Colli"},"content":{"rendered":"<p><a href=\"https:\/\/blog.ilgiornale.it\/ruzzo\/2023\/05\/17\/emergenza-maltempo-in-romagna-rinviata-la-nove-colli\/ces-2\/\" rel=\"attachment wp-att-34222\"><img loading=\"lazy\" class=\"alignleft size-medium wp-image-34222\" src=\"https:\/\/blog.ilgiornale.it\/ruzzo\/files\/2023\/05\/ces-300x192.jpg\" alt=\"\" width=\"300\" height=\"192\" srcset=\"https:\/\/blog.ilgiornale.it\/ruzzo\/files\/2023\/05\/ces-300x192.jpg 300w, https:\/\/blog.ilgiornale.it\/ruzzo\/files\/2023\/05\/ces-1024x654.jpg 1024w, https:\/\/blog.ilgiornale.it\/ruzzo\/files\/2023\/05\/ces-768x490.jpg 768w, https:\/\/blog.ilgiornale.it\/ruzzo\/files\/2023\/05\/ces.jpg 1391w\" sizes=\"(max-width: 300px) 100vw, 300px\" \/><\/a>&#8220;La Forza del maltempo costringe la Nove Colli al rinvio&#8221;. L&#8217;annuncio sul sito della Granfondo che si sarebbe dovuta correre domenica e che, giustamente, \u00e8 stata spostata al 24 settembre. Cos\u00ec come il Gran premio di Formula Uno di Imola quindi, la Nove Colli non si corre. Non \u00e8 possibile e non sarebbe neppure giusto e opportuno vista l&#8217;emergenza meteorologica che sta travolgendo la Romagna. \u00abLa Nove Colli \u00e8 una festa &#8211; spiega il presidente <strong>Andrea Agostini<\/strong>&#8211; e in questo momento non ci sono le condizioni n\u00e9 morali n\u00e9 strutturali e n\u00e9 pratiche per festeggiare nulla. Stiamo vivendo giorni drammatici con le immagini di Cesena, di Cesenatico e di tuta la zona collinare che ci hanno fatto male. Questa mattina ci siamo svegliati e abbiamo capito subito che la Nove Colli di domenica non si potr\u00e0 correre&#8221;. Che poi in questo momento correre o non correre la Nove Colli \u00e8 davvero l&#8217;ultimo dei problemi. &#8220;Il primo pensiero \u00e8 per tutti i volontari, gli uomini della Protezione Civile e le forze dell&#8217;ordine che garantiscono il regolare svolgimento della corsa- continua<strong> Agostini-.<\/strong> Non \u00e8 pensabile ora sottrarre forza al territorio, non sarebbe possibile e nemmeno responsabile. Inoltre, non riteniamo opportuno far svolgere la Granfondo per motivi di sicurezza visto che non possiamo conoscere la situazione delle sedi stradali interessate. In ultimo arriva l&#8217;aspetto morale e non riteniamo opportuno fare festa in questo periodo cos\u00ec difficile per tutti. Siamo certi che tutta la Romagna sapr\u00e0 rialzarsi, e quando lo far\u00e0 la Nove Colli sar\u00e0 pronta a rappresentare una giornata di svago e di gioia per tutti&#8221;.\u00a0 In Romagna la situazione continua a restare tragica con oltre 13 mila persone evacuate, con decine di migliaia di sfollati, con danni sul territorio, tutti ancora da valutare,\u00a0 paragonabili a quelli di un terremoto. Le priorit\u00e0 sono altre, una su tutte salvare la vita a chi in questi giorni rischia la pelle. Attualmente nell\u2019intera provincia di Forl\u00ec il conto delle vittime \u00e8 salito a nove tra le \u00a0province di Forl\u00ec-Cesena e Ravenna. L&#8217;ultimo bollettino diramato dalla Regione Emilia-Romagna fa venire i brividi: sono 14 i fiumi esondati, 23 i comuni allagati e e 250 le frane che interessano oltre 45 comuni della zona. L&#8217;invito e di salire ai piani alti della case e di non muoversi per non intralciare i soccorsi che oltre ai sanitari, forze dell&#8217;ordine, vigili del fuoco uomini della Protezione civile vedono in campo oltre 1.100 volontari . &#8220;La situazione \u00e8 molto critica- spiega il sindaco di Cesenatico Matteo Gozzoli- chiedo a tutti la massima collaborazione e di evitare di camminare lungo i torrenti&#8221;.<\/p>\n","protected":false},"excerpt":{"rendered":"<p><p>&#8220;La Forza del maltempo costringe la Nove Colli al rinvio&#8221;. L&#8217;annuncio sul sito della Granfondo che si sarebbe dovuta correre domenica e che, giustamente, \u00e8 stata spostata al 24 settembre. Cos\u00ec come il Gran premio di Formula Uno di Imola quindi, la Nove Colli non si corre. Non \u00e8 possibile e non sarebbe neppure giusto e opportuno vista l&#8217;emergenza meteorologica che sta travolgendo la Romagna. \u00abLa Nove Colli \u00e8 una festa &#8211; spiega il presidente Andrea Agostini&#8211; e in questo momento non ci sono le condizioni n\u00e9 morali n\u00e9 strutturali e n\u00e9 pratiche per festeggiare nulla. Stiamo vivendo giorni drammatici [&hellip;]<\/p>\n&nbsp;&nbsp;<div class=\"readmore\"><a href=\"https:\/\/blog.ilgiornale.it\/ruzzo\/2023\/05\/17\/emergenza-maltempo-in-romagna-rinviata-la-nove-colli\/\">Continua a leggere...<\/a><\/div><\/p>","protected":false},"author":956,"featured_media":0,"comment_status":"open","ping_status":"closed","sticky":false,"template":"","format":"standard","meta":[],"categories":[1],"tags":[],"_links":{"self":[{"href":"https:\/\/blog.ilgiornale.it\/ruzzo\/wp-json\/wp\/v2\/posts\/34220"}],"collection":[{"href":"https:\/\/blog.ilgiornale.it\/ruzzo\/wp-json\/wp\/v2\/posts"}],"about":[{"href":"https:\/\/blog.ilgiornale.it\/ruzzo\/wp-json\/wp\/v2\/types\/post"}],"author":[{"embeddable":true,"href":"https:\/\/blog.ilgiornale.it\/ruzzo\/wp-json\/wp\/v2\/users\/956"}],"replies":[{"embeddable":true,"href":"https:\/\/blog.ilgiornale.it\/ruzzo\/wp-json\/wp\/v2\/comments?post=34220"}],"version-history":[{"count":7,"href":"https:\/\/blog.ilgiornale.it\/ruzzo\/wp-json\/wp\/v2\/posts\/34220\/revisions"}],"predecessor-version":[{"id":34229,"href":"https:\/\/blog.ilgiornale.it\/ruzzo\/wp-json\/wp\/v2\/posts\/34220\/revisions\/34229"}],"wp:attachment":[{"href":"https:\/\/blog.ilgiornale.it\/ruzzo\/wp-json\/wp\/v2\/media?parent=34220"}],"wp:term":[{"taxonomy":"category","embeddable":true,"href":"https:\/\/blog.ilgiornale.it\/ruzzo\/wp-json\/wp\/v2\/categories?post=34220"},{"taxonomy":"post_tag","embeddable":true,"href":"https:\/\/blog.ilgiornale.it\/ruzzo\/wp-json\/wp\/v2\/tags?post=34220"}],"curies":[{"name":"wp","href":"https:\/\/api.w.org\/{rel}","templated":true}]}}