{"id":34230,"date":"2023-05-18T18:10:38","date_gmt":"2023-05-18T16:10:38","guid":{"rendered":"https:\/\/blog.ilgiornale.it\/ruzzo\/?p=34230"},"modified":"2023-05-18T18:10:38","modified_gmt":"2023-05-18T16:10:38","slug":"le-ciclabili-i-sindaci-non-facciano-filosofia-le-tengano-in-ordine","status":"publish","type":"post","link":"https:\/\/blog.ilgiornale.it\/ruzzo\/2023\/05\/18\/le-ciclabili-i-sindaci-non-facciano-filosofia-le-tengano-in-ordine\/","title":{"rendered":"Le ciclabili? I sindaci non facciano filosofia, le tengano in ordine&#8230;"},"content":{"rendered":"<p><a href=\"https:\/\/blog.ilgiornale.it\/ruzzo\/2023\/05\/18\/le-ciclabili-i-sindaci-non-facciano-filosofia-le-tengano-in-ordine\/thumbnail_img_0613\/\" rel=\"attachment wp-att-34231\"><img loading=\"lazy\" class=\"alignleft size-medium wp-image-34231\" src=\"https:\/\/blog.ilgiornale.it\/ruzzo\/files\/2023\/05\/thumbnail_IMG_0613-225x300.jpg\" alt=\"\" width=\"225\" height=\"300\" srcset=\"https:\/\/blog.ilgiornale.it\/ruzzo\/files\/2023\/05\/thumbnail_IMG_0613-225x300.jpg 225w, https:\/\/blog.ilgiornale.it\/ruzzo\/files\/2023\/05\/thumbnail_IMG_0613-768x1024.jpg 768w, https:\/\/blog.ilgiornale.it\/ruzzo\/files\/2023\/05\/thumbnail_IMG_0613-1152x1536.jpg 1152w, https:\/\/blog.ilgiornale.it\/ruzzo\/files\/2023\/05\/thumbnail_IMG_0613.jpg 1440w\" sizes=\"(max-width: 225px) 100vw, 225px\" \/><\/a>Mentre sulle strade chi pedala rischia la pelle, mentre l&#8217;altra sera a Milano una pedalata ha voluto ricordare i &#8220;caduti&#8221; sulle strade, mentre ogni sindaco o candidato sindaco che si rispetti nelle sue promesse elettorali due &#8220;paroline magiche&#8221; come sostenibilit\u00e0 e ciclabilit\u00e0 ormai le mette sempre ( tanto \u00e8 gratis), mentre ad ogni nuovo incidente che vede coinvolti ciclisti ( o pedoni) ci si indigna perch\u00e8 non deve pi\u00f9 accadere&#8230;Sarebbe il caso di chiedere a chi amministra comuni, a chi gestisce la manutenzione della strade, a chi si occupa di viabilit\u00e0 se si rende conto dove spesso sono costretti a pedalare i ciclisti. La rete ciclabile del nostro Paese non \u00e8 capillare ma sta crescendo. Per chi si allena in bici da corsa il discorso purtroppo \u00e8 diverso ma per chi si muove in bici per cicloturismo o anche semplicemente per andare al lavoro, in ufficio a scuola qualche ciclabile in pi\u00f9 oggi comincia ad esserci. Il punto per\u00f2 \u00e8 un latro. Spesso lo stato di manutenzione delle piste \u00e8 pessimo. Nella foto l&#8217;esempio della ciclabile che da Albairate, un paesino del Parco Sud alle porte di Milano, porta a Cisliano, costeggiando una trafficatissma strada provinciale. E &#8216;l&#8217;unica via sicura per chi vuole muoversi in bici senza essere sfiorato da camion e auto ma purtroppo \u00e8 sempre pi\u00f9 abbandonata. Non solo l&#8217;erba alta, che ormai di fatto impedisce il transito. C&#8221;erano una volta le protezioni in legno che sono crollate, c&#8217;era una volta una strada in terriccio che \u00e8 stata completamente mangiata dalla vegetazione. Senza mettere in croce nessuno perch\u00e8 gli esempi simili sono quasi infiniti, tutto ci\u00f2 d\u00e0 l&#8217;esatta misura di quale sia la considerazione delle piste ciclabili nel nostro Paese: si spendono soldi, vengono costruite e poi lasciate l\u00ec come se ci si fosse messi a posto la coscienza e come se ci\u00f2 bastasse. Viene da pensare cosa succederebbe se\u00a0 su una strada, una volta costruita, non si facesse pi\u00f9 la manutenzione: mai pi\u00f9 segnaletica orizzontale, mai pi\u00f9 rattoppo delle buche, mai pi\u00f9 nuove asfaltature e cosi via. Ovviamente per le strade non accade, per le ciclabili purtroppo s\u00ec. Quindi prima di parlare di ciclabilit\u00e0, di nuova cultura della mobilit\u00e0, di opportunit\u00e0 per il territorio, di nuova risorsa turistica, di nuova via sostenibile, di sfida culturale etcetera etcetera le amministrazioni tutte si facciano un piccolo esame di coscienza e volino un po&#8217; pi\u00f9 basso. Sulle ciclabili non serve fare tanta filosofia: bisogna tenerle in ordine&#8230;<\/p>\n","protected":false},"excerpt":{"rendered":"<p><p>Mentre sulle strade chi pedala rischia la pelle, mentre l&#8217;altra sera a Milano una pedalata ha voluto ricordare i &#8220;caduti&#8221; sulle strade, mentre ogni sindaco o candidato sindaco che si rispetti nelle sue promesse elettorali due &#8220;paroline magiche&#8221; come sostenibilit\u00e0 e ciclabilit\u00e0 ormai le mette sempre ( tanto \u00e8 gratis), mentre ad ogni nuovo incidente che vede coinvolti ciclisti ( o pedoni) ci si indigna perch\u00e8 non deve pi\u00f9 accadere&#8230;Sarebbe il caso di chiedere a chi amministra comuni, a chi gestisce la manutenzione della strade, a chi si occupa di viabilit\u00e0 se si rende conto dove spesso sono costretti a [&hellip;]<\/p>\n&nbsp;&nbsp;<div class=\"readmore\"><a href=\"https:\/\/blog.ilgiornale.it\/ruzzo\/2023\/05\/18\/le-ciclabili-i-sindaci-non-facciano-filosofia-le-tengano-in-ordine\/\">Continua a leggere...<\/a><\/div><\/p>","protected":false},"author":956,"featured_media":0,"comment_status":"open","ping_status":"closed","sticky":false,"template":"","format":"standard","meta":[],"categories":[1],"tags":[],"_links":{"self":[{"href":"https:\/\/blog.ilgiornale.it\/ruzzo\/wp-json\/wp\/v2\/posts\/34230"}],"collection":[{"href":"https:\/\/blog.ilgiornale.it\/ruzzo\/wp-json\/wp\/v2\/posts"}],"about":[{"href":"https:\/\/blog.ilgiornale.it\/ruzzo\/wp-json\/wp\/v2\/types\/post"}],"author":[{"embeddable":true,"href":"https:\/\/blog.ilgiornale.it\/ruzzo\/wp-json\/wp\/v2\/users\/956"}],"replies":[{"embeddable":true,"href":"https:\/\/blog.ilgiornale.it\/ruzzo\/wp-json\/wp\/v2\/comments?post=34230"}],"version-history":[{"count":2,"href":"https:\/\/blog.ilgiornale.it\/ruzzo\/wp-json\/wp\/v2\/posts\/34230\/revisions"}],"predecessor-version":[{"id":34233,"href":"https:\/\/blog.ilgiornale.it\/ruzzo\/wp-json\/wp\/v2\/posts\/34230\/revisions\/34233"}],"wp:attachment":[{"href":"https:\/\/blog.ilgiornale.it\/ruzzo\/wp-json\/wp\/v2\/media?parent=34230"}],"wp:term":[{"taxonomy":"category","embeddable":true,"href":"https:\/\/blog.ilgiornale.it\/ruzzo\/wp-json\/wp\/v2\/categories?post=34230"},{"taxonomy":"post_tag","embeddable":true,"href":"https:\/\/blog.ilgiornale.it\/ruzzo\/wp-json\/wp\/v2\/tags?post=34230"}],"curies":[{"name":"wp","href":"https:\/\/api.w.org\/{rel}","templated":true}]}}