{"id":34257,"date":"2023-05-23T22:09:21","date_gmt":"2023-05-23T20:09:21","guid":{"rendered":"https:\/\/blog.ilgiornale.it\/ruzzo\/?p=34257"},"modified":"2023-05-23T22:16:08","modified_gmt":"2023-05-23T20:16:08","slug":"dal-fango-di-cesena-al-podio-di-un-triathlon-altro-che-bamboccioni","status":"publish","type":"post","link":"https:\/\/blog.ilgiornale.it\/ruzzo\/2023\/05\/23\/dal-fango-di-cesena-al-podio-di-un-triathlon-altro-che-bamboccioni\/","title":{"rendered":"Dal fango di Cesena al podio di un triathlon: altro che &#8220;bamboccioni&#8221;"},"content":{"rendered":"<p><a href=\"https:\/\/blog.ilgiornale.it\/ruzzo\/2023\/05\/23\/dal-fango-di-cesena-al-podio-di-un-triathlon-altro-che-bamboccioni\/348606036_777308350710423_7555915049154304503_n\/\" rel=\"attachment wp-att-34262\"><img loading=\"lazy\" class=\"alignleft size-medium wp-image-34262\" src=\"https:\/\/blog.ilgiornale.it\/ruzzo\/files\/2023\/05\/348606036_777308350710423_7555915049154304503_n-215x300.jpg\" alt=\"\" width=\"215\" height=\"300\" srcset=\"https:\/\/blog.ilgiornale.it\/ruzzo\/files\/2023\/05\/348606036_777308350710423_7555915049154304503_n-215x300.jpg 215w, https:\/\/blog.ilgiornale.it\/ruzzo\/files\/2023\/05\/348606036_777308350710423_7555915049154304503_n-734x1024.jpg 734w, https:\/\/blog.ilgiornale.it\/ruzzo\/files\/2023\/05\/348606036_777308350710423_7555915049154304503_n-768x1071.jpg 768w, https:\/\/blog.ilgiornale.it\/ruzzo\/files\/2023\/05\/348606036_777308350710423_7555915049154304503_n-1102x1536.jpg 1102w, https:\/\/blog.ilgiornale.it\/ruzzo\/files\/2023\/05\/348606036_777308350710423_7555915049154304503_n.jpg 1116w\" sizes=\"(max-width: 215px) 100vw, 215px\" \/><\/a>Dal fango della Romagna alla spiaggia di Cupra marittima, dalle scope e dalle pale a nuotare, correre e pedalare per la seconda edizione di un triathlon che domenica ha visto i ragazzi e ragazzi di Cesenae di Rimini lasciarsi alle spalle\u00a0 l&#8217;alluvione per un pomeriggio di sport\u00a0 che \u00e8 una bella storia da raccontare.\u00a0 Non \u00e8 una favola, perch\u00e8 la Romagna in questi giorni ha pi\u00f9 bisogno di aiuti e gente che si imbocchi le maniche che di altro. Per\u00f2 \u00e8 un gran bell&#8217; esempio di tenacia, di volont\u00e0, di responsabilit\u00e0, di voglia di ripartire che spazza via un bel po&#8217; di luoghi comuni, primo fra tutti quello che i giovani oggi siano quasi tutti bamboccioni. Due fotografie da mettere una in fianco all&#8217;altra. Quella che vede gli atleti del <strong>Cesena Triatlhon<\/strong> con gli attrezzi e gli stivali sporchi di fango a ripulire case e cantine e quella che li vede con il body gareggiare e vincere bella seconda edizione del Triathlon di Cupra marittima: &#8220;Cinque giorni fa avevamo la testa altrove, al disastro che ha travolto una regione- ha raccontato alla fine\u00a0 <strong>Raffaele Avigliano<\/strong>, organizzatore e presidente del Flipper Triathlon- Oggi abbiamo qui mezza Romagna con giovani entusiasti e pieni di energia positiva: sono commosso, \u00e8 stato un onore accoglierli&#8221;. Per la cronaca vale ricordare che in campo femminile ha trionfato <strong>Sofia Spreafico<\/strong> del TD Rimini davanti alla compagna di squadra <strong>Alessia Righetti<\/strong> e\u00a0 tra gli uomini, doppietta per i giovanissimi portacolori del Cesena Triathlon <strong>Federico Perticari\u00a0<\/strong> ed<strong> Emiliano Tassinari<\/strong>. Ma il racconto non si ferma qui anzi riparte proprio da qui, dalla capacit\u00e0 dello sport di rinfrancare gli animi, di rasserenare le menti, di trovare sempre spiragli di ottimismo. &#8220;Ora ci sar\u00e0 qualcuno che dir\u00e0 che, con tutto quello che sta accadendo, voi siete andati a gareggiare&#8230;- ha spiegato <strong>Filippo Caporali,<\/strong> consigliere delle Fitri e tra i responsabili del Cesena Triathlon-\u00a0 A tutti dico che questi ragazzi che oggi hanno respirato finalmente un pomeriggio di normalit\u00e0, fino a ieri erano in mezzo al fango a dare una mano e\u00a0 domani torneranno di nuovo a pulire case e cantine&#8221;.\u00a0 <em>Non ragioniam di lor ma guarda e passa&#8230;<\/em><\/p>\n","protected":false},"excerpt":{"rendered":"<p><p>Dal fango della Romagna alla spiaggia di Cupra marittima, dalle scope e dalle pale a nuotare, correre e pedalare per la seconda edizione di un triathlon che domenica ha visto i ragazzi e ragazzi di Cesenae di Rimini lasciarsi alle spalle\u00a0 l&#8217;alluvione per un pomeriggio di sport\u00a0 che \u00e8 una bella storia da raccontare.\u00a0 Non \u00e8 una favola, perch\u00e8 la Romagna in questi giorni ha pi\u00f9 bisogno di aiuti e gente che si imbocchi le maniche che di altro. Per\u00f2 \u00e8 un gran bell&#8217; esempio di tenacia, di volont\u00e0, di responsabilit\u00e0, di voglia di ripartire che spazza via un bel [&hellip;]<\/p>\n&nbsp;&nbsp;<div class=\"readmore\"><a href=\"https:\/\/blog.ilgiornale.it\/ruzzo\/2023\/05\/23\/dal-fango-di-cesena-al-podio-di-un-triathlon-altro-che-bamboccioni\/\">Continua a leggere...<\/a><\/div><\/p>","protected":false},"author":956,"featured_media":0,"comment_status":"open","ping_status":"closed","sticky":false,"template":"","format":"standard","meta":[],"categories":[1],"tags":[],"_links":{"self":[{"href":"https:\/\/blog.ilgiornale.it\/ruzzo\/wp-json\/wp\/v2\/posts\/34257"}],"collection":[{"href":"https:\/\/blog.ilgiornale.it\/ruzzo\/wp-json\/wp\/v2\/posts"}],"about":[{"href":"https:\/\/blog.ilgiornale.it\/ruzzo\/wp-json\/wp\/v2\/types\/post"}],"author":[{"embeddable":true,"href":"https:\/\/blog.ilgiornale.it\/ruzzo\/wp-json\/wp\/v2\/users\/956"}],"replies":[{"embeddable":true,"href":"https:\/\/blog.ilgiornale.it\/ruzzo\/wp-json\/wp\/v2\/comments?post=34257"}],"version-history":[{"count":5,"href":"https:\/\/blog.ilgiornale.it\/ruzzo\/wp-json\/wp\/v2\/posts\/34257\/revisions"}],"predecessor-version":[{"id":34266,"href":"https:\/\/blog.ilgiornale.it\/ruzzo\/wp-json\/wp\/v2\/posts\/34257\/revisions\/34266"}],"wp:attachment":[{"href":"https:\/\/blog.ilgiornale.it\/ruzzo\/wp-json\/wp\/v2\/media?parent=34257"}],"wp:term":[{"taxonomy":"category","embeddable":true,"href":"https:\/\/blog.ilgiornale.it\/ruzzo\/wp-json\/wp\/v2\/categories?post=34257"},{"taxonomy":"post_tag","embeddable":true,"href":"https:\/\/blog.ilgiornale.it\/ruzzo\/wp-json\/wp\/v2\/tags?post=34257"}],"curies":[{"name":"wp","href":"https:\/\/api.w.org\/{rel}","templated":true}]}}