{"id":34313,"date":"2023-05-29T18:12:24","date_gmt":"2023-05-29T16:12:24","guid":{"rendered":"https:\/\/blog.ilgiornale.it\/ruzzo\/?p=34313"},"modified":"2023-05-29T18:17:31","modified_gmt":"2023-05-29T16:17:31","slug":"polimirun-quando-lo-sport-fa-rima-con-studio","status":"publish","type":"post","link":"https:\/\/blog.ilgiornale.it\/ruzzo\/2023\/05\/29\/polimirun-quando-lo-sport-fa-rima-con-studio\/","title":{"rendered":"Polimirun: quando lo sport fa rima con studio"},"content":{"rendered":"<p><a href=\"https:\/\/blog.ilgiornale.it\/ruzzo\/2023\/05\/29\/polimirun-quando-lo-sport-fa-rima-con-studio\/poli-5\/\" rel=\"attachment wp-att-34314\"><img loading=\"lazy\" class=\"alignleft size-medium wp-image-34314\" src=\"https:\/\/blog.ilgiornale.it\/ruzzo\/files\/2023\/05\/poli-205x300.jpg\" alt=\"\" width=\"205\" height=\"300\" srcset=\"https:\/\/blog.ilgiornale.it\/ruzzo\/files\/2023\/05\/poli-205x300.jpg 205w, https:\/\/blog.ilgiornale.it\/ruzzo\/files\/2023\/05\/poli.jpg 567w\" sizes=\"(max-width: 205px) 100vw, 205px\" \/><\/a>\u00abQuando frequentavo io il Politecnico il centro sportivo non era esattamente cos\u00ec&#8230;\u00bb. <strong>Ilias Aouani,<\/strong> primatista italiano di maratona pochi mesi fa a Barcellona in 2ore 7 minuti e 16 secondi e pochi giorni fa in gara in gara nella <strong>PoliMiRun<\/strong>, la corsa universitaria di 10 chilometri che ha visto al via tra studenti, insegnanti e appassionati, d\u00e0 un\u2019occhiata al Centro Sportivo Giuriati che \u00e8 stato rimesso a nuovo e il Poli ha in gestione fino al 2046, e gli brillano gli occhi. Pista d\u2019atletica, campo a rugby, spogliatoi, palestre, un centro attrezzato per 22 discipline sportive frequentato da 10 mila studenti e, oltre all\u2019Universit\u00e0, da 12 scuole milanesi. Un bell\u2019esempio di come sport e studio possano, anzi dovrebbero, andare a braccetto perch\u00e8 complementari e con molti valori condivisi. Aouani, cresciuto a Ponte Lambro, dopo aver studiato per un anno al Politecnico, nel 2015 vince una borsa di studio che lo porta a continuare gli studi in Texas, alla Lamar University, e a finirli quattro anni dopo alla Syracuse University dove si \u00e8 laureato in ingegneria, oggi della corsa ha fatto la sua professione: \u00abSono stato fortunato- spiega ho seguito una mia passione che oggi \u00e8 diventata anche il mio mestiere: c\u2019\u00e8 una similitudine tra corsa e studio perch\u00e8 in entrambi i casi serve applicazione e si fa fatica che per\u00f2 quasi sempre alla fine viene premiata&#8230;\u00bb . <strong>L\u2019Adidas Runners PolimiRunSpring<\/strong>, la corsa non competitiva e competitiva di 10 chilometri organizzata dal Politecnico di Milano che unisce i suoi due campus milanesi, da Leonardo a Bovisa, ha visto al via pi\u00f9 di 12mila atleti tra studenti, professori, amministrativi del Poli e\u00a0 semplici appassionati. Una bella sfida che \u00e8 anche una rivoluzione\u00a0 e un bel momento di aggregazione che mette lo sport al centro di un ateneo e che sta coinvolgendo sempre pi\u00f9 ragazzi. Una \u00abGenerazione z\u00bb che, in un incontro organizzato da Adidas che ha chiesto loro \u00abPerch\u00e8 corressero\u00bb ha messo in cima alle risposta quella del divertimento. E questo \u00e8 forse il segreto. La Polimirun \u00e8\u00a0 la corsa italiana pi\u00f9 giovane che ci sia e il raffronto con le altre manifestazioni podistiche dove l\u2019et\u00e0 media \u00e8 over 40, spiega meglio di tutto quanto la corsa e lo sport per i ragazzi si soprattutto svago, momento di pausa tra una sessione di esami e l\u2019altra, e non ricerca di prestazione o forma fisica. \u00abLo sport \u00e8 un elemento fondamentale del nostro ateneo, \u00e8 motore di aggregazione e di sensibilizzazione ai nostri valori &#8211; commenta <strong>Donatella Sciuto,<\/strong> rettrice del Politecnico- Dal 2016 l\u2019adidas Runners PolimiRun Spring \u00e8 un appuntamento irrinunciabile per noi e per la citt\u00e0 intera. Dopo la riqualificazione del Centro Giuriati, il Politecnico di Milano continuer\u00e0 a investire su spazi dedicati allo sport anche nel futuro campus Bovisa -Goccia\u00bb.<\/p>\n","protected":false},"excerpt":{"rendered":"<p><p>\u00abQuando frequentavo io il Politecnico il centro sportivo non era esattamente cos\u00ec&#8230;\u00bb. Ilias Aouani, primatista italiano di maratona pochi mesi fa a Barcellona in 2ore 7 minuti e 16 secondi e pochi giorni fa in gara in gara nella PoliMiRun, la corsa universitaria di 10 chilometri che ha visto al via tra studenti, insegnanti e appassionati, d\u00e0 un\u2019occhiata al Centro Sportivo Giuriati che \u00e8 stato rimesso a nuovo e il Poli ha in gestione fino al 2046, e gli brillano gli occhi. Pista d\u2019atletica, campo a rugby, spogliatoi, palestre, un centro attrezzato per 22 discipline sportive frequentato da 10 mila [&hellip;]<\/p>\n&nbsp;&nbsp;<div class=\"readmore\"><a href=\"https:\/\/blog.ilgiornale.it\/ruzzo\/2023\/05\/29\/polimirun-quando-lo-sport-fa-rima-con-studio\/\">Continua a leggere...<\/a><\/div><\/p>","protected":false},"author":956,"featured_media":0,"comment_status":"open","ping_status":"closed","sticky":false,"template":"","format":"standard","meta":[],"categories":[1],"tags":[],"_links":{"self":[{"href":"https:\/\/blog.ilgiornale.it\/ruzzo\/wp-json\/wp\/v2\/posts\/34313"}],"collection":[{"href":"https:\/\/blog.ilgiornale.it\/ruzzo\/wp-json\/wp\/v2\/posts"}],"about":[{"href":"https:\/\/blog.ilgiornale.it\/ruzzo\/wp-json\/wp\/v2\/types\/post"}],"author":[{"embeddable":true,"href":"https:\/\/blog.ilgiornale.it\/ruzzo\/wp-json\/wp\/v2\/users\/956"}],"replies":[{"embeddable":true,"href":"https:\/\/blog.ilgiornale.it\/ruzzo\/wp-json\/wp\/v2\/comments?post=34313"}],"version-history":[{"count":3,"href":"https:\/\/blog.ilgiornale.it\/ruzzo\/wp-json\/wp\/v2\/posts\/34313\/revisions"}],"predecessor-version":[{"id":34317,"href":"https:\/\/blog.ilgiornale.it\/ruzzo\/wp-json\/wp\/v2\/posts\/34313\/revisions\/34317"}],"wp:attachment":[{"href":"https:\/\/blog.ilgiornale.it\/ruzzo\/wp-json\/wp\/v2\/media?parent=34313"}],"wp:term":[{"taxonomy":"category","embeddable":true,"href":"https:\/\/blog.ilgiornale.it\/ruzzo\/wp-json\/wp\/v2\/categories?post=34313"},{"taxonomy":"post_tag","embeddable":true,"href":"https:\/\/blog.ilgiornale.it\/ruzzo\/wp-json\/wp\/v2\/tags?post=34313"}],"curies":[{"name":"wp","href":"https:\/\/api.w.org\/{rel}","templated":true}]}}