{"id":34318,"date":"2023-05-30T16:43:42","date_gmt":"2023-05-30T14:43:42","guid":{"rendered":"https:\/\/blog.ilgiornale.it\/ruzzo\/?p=34318"},"modified":"2023-05-30T16:43:42","modified_gmt":"2023-05-30T14:43:42","slug":"linus-il-triathlon-e-lo-sport-del-futuro","status":"publish","type":"post","link":"https:\/\/blog.ilgiornale.it\/ruzzo\/2023\/05\/30\/linus-il-triathlon-e-lo-sport-del-futuro\/","title":{"rendered":"Linus: &#8220;Il triathlon \u00e8 lo sport del futuro&#8230;&#8221;"},"content":{"rendered":"<p><a href=\"https:\/\/blog.ilgiornale.it\/ruzzo\/2023\/05\/30\/linus-il-triathlon-e-lo-sport-del-futuro\/cattura-29\/\" rel=\"attachment wp-att-34319\"><img loading=\"lazy\" class=\"alignleft size-medium wp-image-34319\" src=\"https:\/\/blog.ilgiornale.it\/ruzzo\/files\/2023\/05\/Cattura-1-300x128.jpg\" alt=\"\" width=\"300\" height=\"128\" srcset=\"https:\/\/blog.ilgiornale.it\/ruzzo\/files\/2023\/05\/Cattura-1-300x128.jpg 300w, https:\/\/blog.ilgiornale.it\/ruzzo\/files\/2023\/05\/Cattura-1.jpg 559w\" sizes=\"(max-width: 300px) 100vw, 300px\" \/><\/a>&#8220;Sono sempre pi\u00f9 convinto che il triathlon sia lo sport del futuro, specie nelle sue distanze pi\u00f9 brevi. La sua forza \u00e8 proprio nella diversificazione e nella completezza, che permettono ai pi\u00f9 giovani di divertirsi spostando in l\u00e0 i propri limiti e ai meno competitivi di vivere lo sport in una maniera pi\u00f9 leggera e divertente. In questo, l\u2019Idroscalo \u00e8 uno stadio unico al mondo: sicuro, grande, pulito e spettacolare. Ci vediamo l\u00ec&#8230;&#8221;. <strong>Linus,<\/strong> direttore artistico di <strong>Radio Deejay<\/strong> d\u00e0 appuntamento ai triatleti il 3 e 4 giugno all\u2019Idroscalo per il<strong> DeejayTri,<\/strong> un appuntamento che \u00e8 ormai diventato un classico e che \u00e8 una vera festa per tutti anche per chi vorrebbe diventare triatleta solo per un giorno. E la sfida \u00e8 proprio quella: avvicinare ad una disciplina da sempre considerata &#8220;terreno di caccia&#8221; per super atleti anche chi &#8220;super atleta&#8221; proprio non \u00e8, cercando di allargare la platea di uno sport che fatica ancora conquistarsi i grandi numeri. Quello dell&#8217;Idroscalo sar\u00e0 quindi un lungo \u00a0week end di gare che &#8220;strizzano&#8221; l&#8217;occhio non solo agli atleti elite e agli amatori pi\u00f9 preparati ma anche a chi \u00e8 a debutto o si \u00e8 da poco avvicinato al triathlon. Una sfida che nasce dalla collaborazione tra Comune di Milano, Radio DEEJAY e TriO Events, con il supporto di Regione Lombardia, Citt\u00e0 Metropolitana di Milano, Citt\u00e0 di Segrate e Peschiera Borromeo e che\u00a0 trover\u00e0 nuovamente il suo cuore pulsante nella spiaggia Bosco (Ingresso Bosco Sud) con un villaggio ricco di attivit\u00e0 e punto di partenza delle sfide sulle varie distanze. \u00abIl DEEJAY TRI si arricchisce di anno in anno di novit\u00e0- spiega <strong>Martina Riva, Assessore allo Sport, al Turismo e alle Politiche Giovanili del Comune di Milano<\/strong> &#8211; Le gare che si terranno all&#8217;Idroscalo saranno una vera festa per lo sport, in cui la tensione della competizione sar\u00e0 stemperata da quei momenti di gioia e di condivisione che solo l&#8217;attivit\u00e0 sportiva sa regalare\u00bb\u00a0 Si comincia sabato con il format promozionale per eccellenza, il <strong>Super Sprint<\/strong> (400m di nuoto, 10km in bici e 2.5km di corsa) mentre dalle ore 14 si proseguir\u00e0 con l\u2019<strong>Olimpico<\/strong> (1500m \u2013 40km \u2013 10km). Novit\u00e0 di questa sesta edizione, l\u2019inserimento di una seconda staffetta: oltre alla distanza olimpica, anche lo Sprint (750m \u2013 20km \u2013 5km) potr\u00e0 essere affrontato in team, in modo da coinvolgere un pubblico sempre pi\u00f9 ampio di sportivi. Domenica la mattinata sar\u00e0 interamente dedicata ai giovanissimi con le gare dei Mini Cuccioli 6-7 anni, dei Cuccioli 8-9 anni, degli esordienti 10-11 anni e dei ragazzi 12-13 anni Dalle ore 12.30, invece, spazio ai 15-16enni del <strong>Super Sprint<\/strong> categoria Youth A e alle 14.30 il triathlon <strong>Sprint<\/strong> sulla di stanza di 750 metri di nuoto, 20 in bici e 5 di corsa. Un evento che conferma quanto l\u2019Idroscalo sia il luogo perfetto per questo sport: \u00abSin dalla prima edizione &#8211; dichiara <strong>Andrea Rosa di TriO Events<\/strong> &#8211; nonostante la mia residenza sul Lago di Garda, avevo intuito le potenzialit\u00e0 dell&#8217;Idroscalo nell&#8217;ospitare eventi sportivi e in particolare di triathlon. Villaggio gara immerso nel verde, percorsi chiusi al traffico, sfide alla portata di tutti e possibilit\u00e0 per i team di socializzare sotto gli alberi del parco. Un insieme perfetto\u00bb.<\/p>\n","protected":false},"excerpt":{"rendered":"<p><p>&#8220;Sono sempre pi\u00f9 convinto che il triathlon sia lo sport del futuro, specie nelle sue distanze pi\u00f9 brevi. La sua forza \u00e8 proprio nella diversificazione e nella completezza, che permettono ai pi\u00f9 giovani di divertirsi spostando in l\u00e0 i propri limiti e ai meno competitivi di vivere lo sport in una maniera pi\u00f9 leggera e divertente. In questo, l\u2019Idroscalo \u00e8 uno stadio unico al mondo: sicuro, grande, pulito e spettacolare. Ci vediamo l\u00ec&#8230;&#8221;. Linus, direttore artistico di Radio Deejay d\u00e0 appuntamento ai triatleti il 3 e 4 giugno all\u2019Idroscalo per il DeejayTri, un appuntamento che \u00e8 ormai diventato un classico [&hellip;]<\/p>\n&nbsp;&nbsp;<div class=\"readmore\"><a href=\"https:\/\/blog.ilgiornale.it\/ruzzo\/2023\/05\/30\/linus-il-triathlon-e-lo-sport-del-futuro\/\">Continua a leggere...<\/a><\/div><\/p>","protected":false},"author":956,"featured_media":0,"comment_status":"open","ping_status":"closed","sticky":false,"template":"","format":"standard","meta":[],"categories":[1],"tags":[],"_links":{"self":[{"href":"https:\/\/blog.ilgiornale.it\/ruzzo\/wp-json\/wp\/v2\/posts\/34318"}],"collection":[{"href":"https:\/\/blog.ilgiornale.it\/ruzzo\/wp-json\/wp\/v2\/posts"}],"about":[{"href":"https:\/\/blog.ilgiornale.it\/ruzzo\/wp-json\/wp\/v2\/types\/post"}],"author":[{"embeddable":true,"href":"https:\/\/blog.ilgiornale.it\/ruzzo\/wp-json\/wp\/v2\/users\/956"}],"replies":[{"embeddable":true,"href":"https:\/\/blog.ilgiornale.it\/ruzzo\/wp-json\/wp\/v2\/comments?post=34318"}],"version-history":[{"count":2,"href":"https:\/\/blog.ilgiornale.it\/ruzzo\/wp-json\/wp\/v2\/posts\/34318\/revisions"}],"predecessor-version":[{"id":34321,"href":"https:\/\/blog.ilgiornale.it\/ruzzo\/wp-json\/wp\/v2\/posts\/34318\/revisions\/34321"}],"wp:attachment":[{"href":"https:\/\/blog.ilgiornale.it\/ruzzo\/wp-json\/wp\/v2\/media?parent=34318"}],"wp:term":[{"taxonomy":"category","embeddable":true,"href":"https:\/\/blog.ilgiornale.it\/ruzzo\/wp-json\/wp\/v2\/categories?post=34318"},{"taxonomy":"post_tag","embeddable":true,"href":"https:\/\/blog.ilgiornale.it\/ruzzo\/wp-json\/wp\/v2\/tags?post=34318"}],"curies":[{"name":"wp","href":"https:\/\/api.w.org\/{rel}","templated":true}]}}