{"id":34324,"date":"2023-05-31T20:46:49","date_gmt":"2023-05-31T18:46:49","guid":{"rendered":"https:\/\/blog.ilgiornale.it\/ruzzo\/?p=34324"},"modified":"2023-05-31T20:46:50","modified_gmt":"2023-05-31T18:46:50","slug":"in-bici-si-possono-fare-tante-cose-ad-esempio-il-trofeo-berto-terruzzi","status":"publish","type":"post","link":"https:\/\/blog.ilgiornale.it\/ruzzo\/2023\/05\/31\/in-bici-si-possono-fare-tante-cose-ad-esempio-il-trofeo-berto-terruzzi\/","title":{"rendered":"In bici si possono fare tante cose: ad esempio il Trofeo Bert\u00f2-Terruzzi"},"content":{"rendered":"<p><a href=\"https:\/\/blog.ilgiornale.it\/ruzzo\/2023\/05\/31\/in-bici-si-possono-fare-tante-cose-ad-esempio-il-trofeo-berto-terruzzi\/berto\/\" rel=\"attachment wp-att-34326\"><img loading=\"lazy\" class=\"alignleft size-medium wp-image-34326\" src=\"https:\/\/blog.ilgiornale.it\/ruzzo\/files\/2023\/05\/berto-300x227.jpg\" alt=\"\" width=\"300\" height=\"227\" srcset=\"https:\/\/blog.ilgiornale.it\/ruzzo\/files\/2023\/05\/berto-300x227.jpg 300w, https:\/\/blog.ilgiornale.it\/ruzzo\/files\/2023\/05\/berto-768x582.jpg 768w, https:\/\/blog.ilgiornale.it\/ruzzo\/files\/2023\/05\/berto.jpg 825w\" sizes=\"(max-width: 300px) 100vw, 300px\" \/><\/a>Con la bici, oltre a pedalare, si possono fare anche tante altre cose: il <strong>\u00abTrofeo Bert\u00f2-Terruzzi\u00bb<\/strong> ad esempio. Un evento che nasce per le donne, per le famiglie e per promuovere la pratica del ciclismo intesa come aggregazione e divertimento in un luogo, il <strong>Velodromo del Parco Nord a Milano<\/strong>, gestito dai volontari dell\u2019Associazione <strong>&#8220;DateciPista&#8221;<\/strong> che permette e tutti di andare in bici e allenarsi in sicurezza e in mezzo alla natura.\u00a0 La prima edizione si correr\u00e0 domenica 18 giugno e\u00a0 metter\u00e0 alla prova gli spiriti pi\u00f9 competitivi delle cicliste amatoriali organizzando due sfide tipiche della pista, finalmente accessibili anche alle donne come l&#8217; \u00abEliminazione\u00bb e l&#8217;\u00abInseguimento\u00bb. \u00abAbbiamo deciso di organizzarlo perch\u00e8 negli ultimi tempi abbiamo notato un notevole incremento di cicliste nel Velodromo &#8211; spiega<strong> Mario Bodei,<\/strong> Presidente di DateciPista &#8211;\u00a0 Vogliamo fare in modo che la quota rosa di chi si allena sulla pista cresca e coinvolga sempre pi\u00f9 ragazze e donne che qui possono trovare, per praticare <span style=\"color: #000000\">ciclismo<\/span> amatoriale, un luogo sicuro, inclusivo e immerso nella natura\u00bb. Non solo.\u00a0 Al Trofeo, dedicato a due amici e soci di DateciPista, Gianfranco Bert\u00f2 e Giancarlo Terruzzi, scomparsi lo scorso anno e indimenticati esempi nella diffusione dei valori del ciclismo, saranno affiancate anche altre iniziative\u00a0 organizzate dal <strong>Cus Pro Patria Milano Triathlon<\/strong>: una raccolta fondi per l\u2019acquisto di un tandem da corsa da mettere a disposizione di Antonio, giovane atleta ipovedente desideroso di competere a livello agonistico, una prova su pista della handbike, aperta a tutti dai 10 anni in su, in collaborazione con You Able Onlus e,\u00a0 mercoled\u00ec 14 da Upcycle bike Caf\u00e8 in via Ampere,\u00a0 una tavola rotonda (\u00abIl <span style=\"color: #000000\">ciclismo<\/span> \u00e8 donna\u00bb) per un approfondimento <span style=\"color: #000000\">ciclismo<\/span> femminile con <strong>Roberta Amadeo<\/strong>, Presidente Nazionale AISM 2016 e campionessa di handbike, <strong>Elena Casiraghi<\/strong>, esperta in nutrizione dello sport,\u00a0 e <strong>Simone Villanova<\/strong>, borsista di ricerca presso il dipartimento di Medicina Molecolare dell\u2019Universit\u00e0 di Pavia. &#8220;Il connubio sport e inclusivit\u00e0 \u00e8 sempre stato nel nostro dna &#8211; spiega <strong>Giampaolo Gualla,<\/strong> Presidente di Cus Pro Patria Milano Triathlon &#8211; per questo abbiamo aderito all\u2019iniziativa del trofeo Bert\u00f2-Terruzzi. Grazie agli amici di DateciPista abbiamo la possibilit\u00e0 di far allenare in sicurezza i nostri piccoli atleti tutti i sabato pomeriggio, con il velodromo riservato solo ai nostri tesserati, in modo da poter far crescere in un ambiente sano ragazze e ragazzi, oltre alla possibilit\u00e0 di far allenare anche atleti delle categorie paralimpiche&#8221;<\/p>\n","protected":false},"excerpt":{"rendered":"<p><p>Con la bici, oltre a pedalare, si possono fare anche tante altre cose: il \u00abTrofeo Bert\u00f2-Terruzzi\u00bb ad esempio. Un evento che nasce per le donne, per le famiglie e per promuovere la pratica del ciclismo intesa come aggregazione e divertimento in un luogo, il Velodromo del Parco Nord a Milano, gestito dai volontari dell\u2019Associazione &#8220;DateciPista&#8221; che permette e tutti di andare in bici e allenarsi in sicurezza e in mezzo alla natura.\u00a0 La prima edizione si correr\u00e0 domenica 18 giugno e\u00a0 metter\u00e0 alla prova gli spiriti pi\u00f9 competitivi delle cicliste amatoriali organizzando due sfide tipiche della pista, finalmente accessibili anche [&hellip;]<\/p>\n&nbsp;&nbsp;<div class=\"readmore\"><a href=\"https:\/\/blog.ilgiornale.it\/ruzzo\/2023\/05\/31\/in-bici-si-possono-fare-tante-cose-ad-esempio-il-trofeo-berto-terruzzi\/\">Continua a leggere...<\/a><\/div><\/p>","protected":false},"author":956,"featured_media":0,"comment_status":"open","ping_status":"closed","sticky":false,"template":"","format":"standard","meta":[],"categories":[1],"tags":[],"_links":{"self":[{"href":"https:\/\/blog.ilgiornale.it\/ruzzo\/wp-json\/wp\/v2\/posts\/34324"}],"collection":[{"href":"https:\/\/blog.ilgiornale.it\/ruzzo\/wp-json\/wp\/v2\/posts"}],"about":[{"href":"https:\/\/blog.ilgiornale.it\/ruzzo\/wp-json\/wp\/v2\/types\/post"}],"author":[{"embeddable":true,"href":"https:\/\/blog.ilgiornale.it\/ruzzo\/wp-json\/wp\/v2\/users\/956"}],"replies":[{"embeddable":true,"href":"https:\/\/blog.ilgiornale.it\/ruzzo\/wp-json\/wp\/v2\/comments?post=34324"}],"version-history":[{"count":3,"href":"https:\/\/blog.ilgiornale.it\/ruzzo\/wp-json\/wp\/v2\/posts\/34324\/revisions"}],"predecessor-version":[{"id":34328,"href":"https:\/\/blog.ilgiornale.it\/ruzzo\/wp-json\/wp\/v2\/posts\/34324\/revisions\/34328"}],"wp:attachment":[{"href":"https:\/\/blog.ilgiornale.it\/ruzzo\/wp-json\/wp\/v2\/media?parent=34324"}],"wp:term":[{"taxonomy":"category","embeddable":true,"href":"https:\/\/blog.ilgiornale.it\/ruzzo\/wp-json\/wp\/v2\/categories?post=34324"},{"taxonomy":"post_tag","embeddable":true,"href":"https:\/\/blog.ilgiornale.it\/ruzzo\/wp-json\/wp\/v2\/tags?post=34324"}],"curies":[{"name":"wp","href":"https:\/\/api.w.org\/{rel}","templated":true}]}}