{"id":34339,"date":"2023-06-03T19:40:09","date_gmt":"2023-06-03T17:40:09","guid":{"rendered":"https:\/\/blog.ilgiornale.it\/ruzzo\/?p=34339"},"modified":"2023-06-03T19:40:09","modified_gmt":"2023-06-03T17:40:09","slug":"un-giro-di-lombardia-in-bici-per-aiutare-chi-aiuta","status":"publish","type":"post","link":"https:\/\/blog.ilgiornale.it\/ruzzo\/2023\/06\/03\/un-giro-di-lombardia-in-bici-per-aiutare-chi-aiuta\/","title":{"rendered":"Un Giro di Lombardia in bici per aiutare chi aiuta"},"content":{"rendered":"<p><a href=\"https:\/\/blog.ilgiornale.it\/ruzzo\/2023\/06\/03\/un-giro-di-lombardia-in-bici-per-aiutare-chi-aiuta\/fabian-4\/\" rel=\"attachment wp-att-34340\"><img loading=\"lazy\" class=\"alignleft size-medium wp-image-34340\" src=\"https:\/\/blog.ilgiornale.it\/ruzzo\/files\/2023\/06\/fabian-207x300.jpg\" alt=\"\" width=\"207\" height=\"300\" srcset=\"https:\/\/blog.ilgiornale.it\/ruzzo\/files\/2023\/06\/fabian-207x300.jpg 207w, https:\/\/blog.ilgiornale.it\/ruzzo\/files\/2023\/06\/fabian.jpg 568w\" sizes=\"(max-width: 207px) 100vw, 207px\" \/><\/a>Un Giro della Lombardia in bici. Race <strong>Across Limits Lombardia<\/strong> parte (anzi riparte) questa mattina da Palazzo Lombardia e, dalle colline del Bresciano ai grandi laghi alle grandi montagne, pedala per la causa dei \u00abcaregiver\u00bb, le persone che aiutano in tutte le attivit\u00e0 quotidiane chi non \u00e8 pi\u00f9 in condizioni di farlo perch\u00e8 non pi\u00f9 autosufficiente. \u00c9 un sfida di 900 chilometri e di quasi 8mila metri di dislivello che durer\u00e0 sei giorni ma in realt\u00e0 dura da qualche anno ormai perch\u00e8 Race Across Limits, l\u2019Organizzazione di volontariato che \u00abpedala\u00bb per aiutare chi aiuta, creata anni fa da <strong>Sabrina Schillaci,<\/strong> di strada in tutto questo tempo ne ha fatta parecchia. La Schillaci, architetto di Besana Brianza, da qualche anno \u00e8 salita in bici per reinventarsi la vita, obbligata da un destino che l\u2019ha messa nella condizione di non poter scegliere. Spalle al muro di fronte ad un incidente ormai di parecchi anni fa che il giorno di Ferragosto, dopo un tuffo in mare, ha cambiato per sempre la vita di suo marito obbligandolo su una sedia a rotelle e quindi anche la sua. \u00abHa cambiato la nostra casa, il nostro lavoro, la nostra azienda e i nostri progetti- raccontava tempo fa- Ma non ero pronta e presto sono caduta in una forte depressione perch\u00e9 siamo forse abituati a dare troppe cose per scontate\u00bb.\u00a0 Cos\u00ec, tra ospedali e cure si va alla ricerca di un nuovo equilibrio e di una nuova normalit\u00e0 che arrivata grazie allo sport, scoprendo prima il triathlon per caso un giorno trovandosi nel bel mezzo di una gara in Costa Azzurra e poi la bici fantastico strumento d\u2019avventura. Con il suo progetto \u00abRace across limit\u00bb la Schillaci comincia cos\u00ec a girare l\u2019Italia raccogliendo negli anni fondi per realt\u00e0 solidali diverse tra cui lo scorso anno C.O.ME. Collaboration Onlus, una fondazione che si dedica all\u2019osteopatia, alla ricerca e a progetti sui bimbi prematuri. Quest\u2019anno con il Giro della Lombardia l\u2019obbiettivo \u00e8 di raccogliere fondi e supportare, informare e sostenere la figura del caregiver. \u00abChi assiste persone non pi\u00f9 autosufficienti quasi sempre finisce per annullarsi &#8211; spiega &#8211; diventa un\u2019appendice, si trascura perde autostima. Quando ha l\u2019opportunit\u00e0 di prendersi uno spazio viene avvilito dai sensi di colpa e sono frequenti i casi di depressione. Con la mia organizzazione incontriamo, in collaborazione con i Comuni, queste persone e facciamo corsi che spiegano come si reagisce a queste situazioni, come si gestisce un paziente e come ce ne si prende cura senza annullarsi\u00bb. Across limits Lombardia porter\u00e0 in bici in giro per la regione questo messaggio. Otto ciclisti e cicliste a cui molti altri si aggiungeranno per strada per raccogliere fondi e far capire anche a chi ha avuto un destino contrario che c\u2019\u00e8 sempre una possibilit\u00e0 per ripartire, per spiegare a tutti che anche dopo una disgrazia che ti cambia la vita ci si pu\u00f2 rialzare, si pu\u00f2 ricominciare. Fra i tanti sostenitori, per questo giro, ci sar\u00e0 anche <strong>Zurich Italia<\/strong> che ha deciso di supportare l\u2019iniziativa pedalando e contribuendo alla raccolta fondi ma anche <strong>Turbolento<\/strong> che ha condiviso con il gruppo di Across limits le sue strade Zitte, quelle che permetteranno di pedalare con pi\u00f9 tranquillit\u00e0 e meno traffico \u00abOggi con la bici e Race Across Limits- spiega la Schillaci- racconto la mia storia, parlo di caregiver e di disabilit\u00e0, ma soprattutto mi adopero per essere portavoce di chi voce non ha. La nostra carovana sar\u00e0 costituita da un\u2019ammiraglia condotta da mio marito che non ci perder\u00e0 mai di vista e sar\u00e0 lui, contrariamente dal solito, a prendersi cura di noi&#8230;\u00bb<\/p>\n","protected":false},"excerpt":{"rendered":"<p><p>Un Giro della Lombardia in bici. Race Across Limits Lombardia parte (anzi riparte) questa mattina da Palazzo Lombardia e, dalle colline del Bresciano ai grandi laghi alle grandi montagne, pedala per la causa dei \u00abcaregiver\u00bb, le persone che aiutano in tutte le attivit\u00e0 quotidiane chi non \u00e8 pi\u00f9 in condizioni di farlo perch\u00e8 non pi\u00f9 autosufficiente. \u00c9 un sfida di 900 chilometri e di quasi 8mila metri di dislivello che durer\u00e0 sei giorni ma in realt\u00e0 dura da qualche anno ormai perch\u00e8 Race Across Limits, l\u2019Organizzazione di volontariato che \u00abpedala\u00bb per aiutare chi aiuta, creata anni fa da Sabrina Schillaci, [&hellip;]<\/p>\n&nbsp;&nbsp;<div class=\"readmore\"><a href=\"https:\/\/blog.ilgiornale.it\/ruzzo\/2023\/06\/03\/un-giro-di-lombardia-in-bici-per-aiutare-chi-aiuta\/\">Continua a leggere...<\/a><\/div><\/p>","protected":false},"author":956,"featured_media":0,"comment_status":"open","ping_status":"closed","sticky":false,"template":"","format":"standard","meta":[],"categories":[1],"tags":[],"_links":{"self":[{"href":"https:\/\/blog.ilgiornale.it\/ruzzo\/wp-json\/wp\/v2\/posts\/34339"}],"collection":[{"href":"https:\/\/blog.ilgiornale.it\/ruzzo\/wp-json\/wp\/v2\/posts"}],"about":[{"href":"https:\/\/blog.ilgiornale.it\/ruzzo\/wp-json\/wp\/v2\/types\/post"}],"author":[{"embeddable":true,"href":"https:\/\/blog.ilgiornale.it\/ruzzo\/wp-json\/wp\/v2\/users\/956"}],"replies":[{"embeddable":true,"href":"https:\/\/blog.ilgiornale.it\/ruzzo\/wp-json\/wp\/v2\/comments?post=34339"}],"version-history":[{"count":2,"href":"https:\/\/blog.ilgiornale.it\/ruzzo\/wp-json\/wp\/v2\/posts\/34339\/revisions"}],"predecessor-version":[{"id":34342,"href":"https:\/\/blog.ilgiornale.it\/ruzzo\/wp-json\/wp\/v2\/posts\/34339\/revisions\/34342"}],"wp:attachment":[{"href":"https:\/\/blog.ilgiornale.it\/ruzzo\/wp-json\/wp\/v2\/media?parent=34339"}],"wp:term":[{"taxonomy":"category","embeddable":true,"href":"https:\/\/blog.ilgiornale.it\/ruzzo\/wp-json\/wp\/v2\/categories?post=34339"},{"taxonomy":"post_tag","embeddable":true,"href":"https:\/\/blog.ilgiornale.it\/ruzzo\/wp-json\/wp\/v2\/tags?post=34339"}],"curies":[{"name":"wp","href":"https:\/\/api.w.org\/{rel}","templated":true}]}}