{"id":34518,"date":"2023-07-09T19:16:16","date_gmt":"2023-07-09T17:16:16","guid":{"rendered":"https:\/\/blog.ilgiornale.it\/ruzzo\/?p=34518"},"modified":"2023-07-09T19:16:16","modified_gmt":"2023-07-09T17:16:16","slug":"tra-tadej-e-jonas-non-si-sa-chi-scegliere","status":"publish","type":"post","link":"https:\/\/blog.ilgiornale.it\/ruzzo\/2023\/07\/09\/tra-tadej-e-jonas-non-si-sa-chi-scegliere\/","title":{"rendered":"Tra Tadej e Jonas non si sa chi scegliere&#8230;"},"content":{"rendered":"<p><a href=\"https:\/\/blog.ilgiornale.it\/ruzzo\/2023\/07\/09\/tra-tadej-e-jonas-non-si-sa-chi-scegliere\/puy\/\" rel=\"attachment wp-att-34519\"><img loading=\"lazy\" class=\"alignleft size-medium wp-image-34519\" src=\"https:\/\/blog.ilgiornale.it\/ruzzo\/files\/2023\/07\/puy-300x209.jpg\" alt=\"\" width=\"300\" height=\"209\" srcset=\"https:\/\/blog.ilgiornale.it\/ruzzo\/files\/2023\/07\/puy-300x209.jpg 300w, https:\/\/blog.ilgiornale.it\/ruzzo\/files\/2023\/07\/puy.jpg 760w\" sizes=\"(max-width: 300px) 100vw, 300px\" \/><\/a>Vince il canadese <strong>Michael Woods<\/strong> ma sulle rampe assurde del Puy d Dome <strong>Tadej Pogacar<\/strong> prende otto secondi a <strong>Jonas Vingegaard <\/strong>nel silenzio assoluto di una montagna che fa quasi paura<strong>. <\/strong>\u00a0Silenzio. Niente folla, niente ammiraglie, niente di niente per salire su una via stretta dove\u00a0 di solito si va solo con un treno a cremagliera. Otto secondi sono nulla, a occhio una decina di metri che negli ultimi due chilometri si sono accorciati e allungati facendo sembrare a volte pi\u00f9 vicino lo sloveno, altre il danese. Erano 35 anni che il Tour non si azzardava ad andare lass\u00f9. Lass\u00f9\u00a0 sul vulcano spento che il ciclismo riaccende, ai quasi 1500 metri di altitudine da digerire in pochi chilometri con rampe fino al 15 per cento, lass\u00f9 dove la Grande Boucle ha incorniciato pi\u00f9 volte la sua storia con <strong>Fausto Coppi<\/strong> nel 1952, con il leggendario duello tra <strong>Raymond Poulidor <\/strong>e <strong>Jacques Anquetil <\/strong>nel 1964, con <strong>Felice Gimondi<\/strong> tre anni dopo. Oggi toccava a Pogacar e Vingegaard scrivere qualcosa di importante e non si sono fatti pregare. Non si fanno mai pregare questi due ragazzi che per\u00f2 sono talmente forti, talmente coraggiosi, talmente amici e talmente leali che non si sa per chi fare il tifo, Non si sa chi scegliere. E allora uno si esalta quando scatta Tadej, resta affascinato dalle sue progressioni ma allo stesso tempo d\u00e0 un occhio a Jonas perch\u00e8 non vorrebbe che si staccasse, non lo vorrebbe sconfitto, non lo vorrebbe vedere naufragare. E ovviamente viceversa.\u00a0 Che poi i due sono sono avversari ma tutto fanno per non sembrarlo. Si abbracciano al traguardo, si salutano dandosi il pugno ( il &#8220;first bump&#8221; dicono quelli\u00a0 che sanno le lingue) e l&#8217;anno scorso mentre erano in fuga si sono addirittura aspettati quando uno \u00e8 caduto. Peggio di cos\u00ec&#8230; Sarebbe meglio si &#8220;odiassero&#8221;, sarebbe meglio si facessero qualche sgarro in corsa, che litigassero nelle conferenza stampa del dopo gara, che si incrociassero guardandosi torvi senza neppure salutarsi. Invece nulla, nessun aiuto che possa indirizzare la passione. E cos\u00ec tocca fare il tifo per tutti e due, tocca gioire per chi vince ma un po&#8217; dispiacersi per chi perde, tocca sperare che uno vinca ma che l&#8217;latro non perda troppo. \u00a0Che poi \u00e8 la meraviglia che rende magico il ciclismo sport crudele dove non c&#8217;\u00e8 pareggio. \u00a0 Altroch\u00e8 regole, regoline, gironi, gironcini, fuorigioco, superleghe e chiss\u00e0 cos\u2019altro.\u00a0 Nel ciclismo bisogna solo pedalare forte e\u00a0 arrivare davanti, senza trucco e senza inganno, in una legge antica che santifica uno sport dove tutti faticano allo stesso identico modo, dove tutti lottano con il vento e con la pioggia, dove tutti sognano ma poi alla fine uno solo vince anche se , per una strana legge del contrappasso, la voglia ti porta spesso a celebrare chi arriva dietro. Salvo rivoluzioni improbabili a Parigi in giallo arriver\u00e0 uno tra Tadej e Jonas ma sarebbe fantastico\u00a0 farli vincere tutti e due,\u00a0 come nel pugilato quando sul ring dove spesso capita che l\u2019arbitro alzi le mani di chi se l\u2019\u00e8 date e le ha prese senza far torto a nessuno. Ex aequo si dice in latino, anche se purtroppo il ciclismo non traduce.\u00a0 E allora ci si deve preparare a rendere omaggio e a raccontare le gesta di Tadej o quelle di Jonas quando succeder\u00e0. Ci si deve preparare a gioire e tanto. Ma ovviamente\u00a0 non troppo..<\/p>\n","protected":false},"excerpt":{"rendered":"<p><p>Vince il canadese Michael Woods ma sulle rampe assurde del Puy d Dome Tadej Pogacar prende otto secondi a Jonas Vingegaard nel silenzio assoluto di una montagna che fa quasi paura. \u00a0Silenzio. Niente folla, niente ammiraglie, niente di niente per salire su una via stretta dove\u00a0 di solito si va solo con un treno a cremagliera. Otto secondi sono nulla, a occhio una decina di metri che negli ultimi due chilometri si sono accorciati e allungati facendo sembrare a volte pi\u00f9 vicino lo sloveno, altre il danese. Erano 35 anni che il Tour non si azzardava ad andare lass\u00f9. Lass\u00f9\u00a0 [&hellip;]<\/p>\n&nbsp;&nbsp;<div class=\"readmore\"><a href=\"https:\/\/blog.ilgiornale.it\/ruzzo\/2023\/07\/09\/tra-tadej-e-jonas-non-si-sa-chi-scegliere\/\">Continua a leggere...<\/a><\/div><\/p>","protected":false},"author":956,"featured_media":0,"comment_status":"open","ping_status":"closed","sticky":false,"template":"","format":"standard","meta":[],"categories":[1],"tags":[],"_links":{"self":[{"href":"https:\/\/blog.ilgiornale.it\/ruzzo\/wp-json\/wp\/v2\/posts\/34518"}],"collection":[{"href":"https:\/\/blog.ilgiornale.it\/ruzzo\/wp-json\/wp\/v2\/posts"}],"about":[{"href":"https:\/\/blog.ilgiornale.it\/ruzzo\/wp-json\/wp\/v2\/types\/post"}],"author":[{"embeddable":true,"href":"https:\/\/blog.ilgiornale.it\/ruzzo\/wp-json\/wp\/v2\/users\/956"}],"replies":[{"embeddable":true,"href":"https:\/\/blog.ilgiornale.it\/ruzzo\/wp-json\/wp\/v2\/comments?post=34518"}],"version-history":[{"count":2,"href":"https:\/\/blog.ilgiornale.it\/ruzzo\/wp-json\/wp\/v2\/posts\/34518\/revisions"}],"predecessor-version":[{"id":34521,"href":"https:\/\/blog.ilgiornale.it\/ruzzo\/wp-json\/wp\/v2\/posts\/34518\/revisions\/34521"}],"wp:attachment":[{"href":"https:\/\/blog.ilgiornale.it\/ruzzo\/wp-json\/wp\/v2\/media?parent=34518"}],"wp:term":[{"taxonomy":"category","embeddable":true,"href":"https:\/\/blog.ilgiornale.it\/ruzzo\/wp-json\/wp\/v2\/categories?post=34518"},{"taxonomy":"post_tag","embeddable":true,"href":"https:\/\/blog.ilgiornale.it\/ruzzo\/wp-json\/wp\/v2\/tags?post=34518"}],"curies":[{"name":"wp","href":"https:\/\/api.w.org\/{rel}","templated":true}]}}