{"id":34526,"date":"2023-07-11T19:39:05","date_gmt":"2023-07-11T17:39:05","guid":{"rendered":"https:\/\/blog.ilgiornale.it\/ruzzo\/?p=34526"},"modified":"2023-07-11T19:39:06","modified_gmt":"2023-07-11T17:39:06","slug":"fontanella-distrutta-sulla-ciclabile-dei-navigli-e-la-solita-triste-storia","status":"publish","type":"post","link":"https:\/\/blog.ilgiornale.it\/ruzzo\/2023\/07\/11\/fontanella-distrutta-sulla-ciclabile-dei-navigli-e-la-solita-triste-storia\/","title":{"rendered":"Fontanella distrutta sulla ciclabile dei Navigli: \u00e8 la solita triste storia"},"content":{"rendered":"<p><a href=\"https:\/\/blog.ilgiornale.it\/ruzzo\/2023\/07\/11\/fontanella-distrutta-sulla-ciclabile-dei-navigli-e-la-solita-triste-storia\/347638957_763723385752781_8517182955264188810_n\/\" rel=\"attachment wp-att-34527\"><img loading=\"lazy\" class=\"alignleft size-medium wp-image-34527\" src=\"https:\/\/blog.ilgiornale.it\/ruzzo\/files\/2023\/07\/347638957_763723385752781_8517182955264188810_n-300x209.jpg\" alt=\"\" width=\"300\" height=\"209\" srcset=\"https:\/\/blog.ilgiornale.it\/ruzzo\/files\/2023\/07\/347638957_763723385752781_8517182955264188810_n-300x209.jpg 300w, https:\/\/blog.ilgiornale.it\/ruzzo\/files\/2023\/07\/347638957_763723385752781_8517182955264188810_n-768x535.jpg 768w, https:\/\/blog.ilgiornale.it\/ruzzo\/files\/2023\/07\/347638957_763723385752781_8517182955264188810_n.jpg 990w\" sizes=\"(max-width: 300px) 100vw, 300px\" \/><\/a>E&#8217; durata un giorno la nuova fontana. L&#8217;avevano gi\u00e0 &#8220;sfasciata&#8221; ma gli Alpini di Abbiategrasso, un cittadina alle porte di Milano sulla via ciclabile dei navigli, non si erano persi d&#8217;animo e l&#8217;avevano\u00a0 aggiustata. Ventiquattr&#8217;ore dopo e siamo punto a capo, con in vandali che come sempre danno il peggio di s\u00e8 e che l&#8217;hanno messa ancora una volta fuori uso. &#8220;Questo oltre ad essere un dispiacere e un danno per noi come precisato sul cartello che abbiamo apposto- spiegano gli Alpini- priva tutti i frequentatori dell&#8217;alzaia di un servizio che\u00a0 ritenevano assai utile, assieme alla panchina e alla stazione per la riparazione delle biciclette. Con grande tristezza&#8230;&#8221;. Purtroppo \u00e8 la solita storia e non riguarda solo la fontanella di Abbiategrasso. Anzi. Qualche tempo fa sulla pista ciclabile che passa da Trezzano, qualche chilometro pi\u00f9 gi\u00f9 verso Milano, accanto alla casetta dell\u2019acqua era stata installata una <em>bike\u00a0<\/em><i>station<\/i>. Fantastica, utile a tutti soprattutto a chi in bici si ritrova in difficolt\u00e0 e deve riparare. Una pompa integrata, un pinza, cacciaviti, brugole, un kit di salvezza previdentemente legato con fili d\u2019acciaio per scongiurare furti e vandalismi. Ovviamente non \u00e8 servito. <em>\u201cDura minga\u2026\u201d <\/em>dicono a Milano: non dura. E infatti\u00a0 \u00e8 sopravvissuta poco o nulla. l Non ci meritiamo nulla. Non siamo capaci di apprezzare nulla ma soprattutto di rispettare nulla. Ma il discorso \u00e8 anche un altro.\u00a0 Gli \u201cidioti\u201d fanno ci\u00f2 che fanno perch\u00e8 sono sicuri di farla franca. Sanno perfettamente che non corrono rischi\u00a0 n\u00e8 mai verranno sanzionati. Vale per un paio di \u201cstupide\u201d brugole ma vale per molto altro perch\u00e8 la stessa logica muove la mano di chi butta un pacchetto di sigarette vuoto dal finestrino della sua auto, per chi imbratta con la vernice la facciata di uno stabile o per chi si diverte, dopo aver bevuto, a ridurre in cocci le bottiglie di birra lanciandole contro i portoni della case. E si potrebbe continuare. Quindi? Quindi torna alla mente la stranota teoria delle \u201cfinestre rotte\u201d\u00a0 elaborata negli Anni \u201960 dallo psicologo <strong>Philip Zimbardo<\/strong>. Fece un esperimento: posteggi\u00f2 un\u2019automobile senza targa nel Bronx e una simile a Palo Alto, in California, le abbandon\u00f2 con il cofano aperto e annot\u00f2 che mentre la prima in pochi giorni venne vandalizzata, la seconda rest\u00f2 intatta.\u00a0 Ma la deriva criminale non \u00e8 sempre da attribuire alla povert\u00e0 o al disagio. E infatti quando il ricercatore decise di rompere un vetro della vettura parcheggiata a Palo Alto in breve tempo\u00a0 assistette alla stessa dinamica di vandalismo registrata a New York e in pochi giorni l\u2019auto venne cannibalizzata. \u00a0Secondo Zimbardo, il finestrino rotto costituisce un indizio di abbandono dell\u2019area, il quale a sua volta \u00e8 in grado di svegliare in noi\u00a0peggiori istinti, forti del fatto che difficilmente verremmo giudicati o puniti. Vale a New York (ne fece la sua battaglia politica l\u2019allora sindaco\u00a0<strong>Rudolph Giuliani<\/strong>), ma\u00a0 vale ovunque.\u00a0 Il degrado e il disordine urbano chiamano altro degrado e altro disordine. Se un luogo \u00e8 pulito, ben tenuto, controllato generalmente si fa un po\u2019 pi\u00f9 di fatica a devastarlo. Non \u00e8 una certezza, forse pi\u00f9 una probabilit\u00e0. Poi restano gli imbecilli: ma contro di loro siamo disarmati\u2026.<\/p>\n","protected":false},"excerpt":{"rendered":"<p><p>E&#8217; durata un giorno la nuova fontana. L&#8217;avevano gi\u00e0 &#8220;sfasciata&#8221; ma gli Alpini di Abbiategrasso, un cittadina alle porte di Milano sulla via ciclabile dei navigli, non si erano persi d&#8217;animo e l&#8217;avevano\u00a0 aggiustata. Ventiquattr&#8217;ore dopo e siamo punto a capo, con in vandali che come sempre danno il peggio di s\u00e8 e che l&#8217;hanno messa ancora una volta fuori uso. &#8220;Questo oltre ad essere un dispiacere e un danno per noi come precisato sul cartello che abbiamo apposto- spiegano gli Alpini- priva tutti i frequentatori dell&#8217;alzaia di un servizio che\u00a0 ritenevano assai utile, assieme alla panchina e alla stazione [&hellip;]<\/p>\n&nbsp;&nbsp;<div class=\"readmore\"><a href=\"https:\/\/blog.ilgiornale.it\/ruzzo\/2023\/07\/11\/fontanella-distrutta-sulla-ciclabile-dei-navigli-e-la-solita-triste-storia\/\">Continua a leggere...<\/a><\/div><\/p>","protected":false},"author":956,"featured_media":0,"comment_status":"open","ping_status":"closed","sticky":false,"template":"","format":"standard","meta":[],"categories":[1],"tags":[],"_links":{"self":[{"href":"https:\/\/blog.ilgiornale.it\/ruzzo\/wp-json\/wp\/v2\/posts\/34526"}],"collection":[{"href":"https:\/\/blog.ilgiornale.it\/ruzzo\/wp-json\/wp\/v2\/posts"}],"about":[{"href":"https:\/\/blog.ilgiornale.it\/ruzzo\/wp-json\/wp\/v2\/types\/post"}],"author":[{"embeddable":true,"href":"https:\/\/blog.ilgiornale.it\/ruzzo\/wp-json\/wp\/v2\/users\/956"}],"replies":[{"embeddable":true,"href":"https:\/\/blog.ilgiornale.it\/ruzzo\/wp-json\/wp\/v2\/comments?post=34526"}],"version-history":[{"count":3,"href":"https:\/\/blog.ilgiornale.it\/ruzzo\/wp-json\/wp\/v2\/posts\/34526\/revisions"}],"predecessor-version":[{"id":34530,"href":"https:\/\/blog.ilgiornale.it\/ruzzo\/wp-json\/wp\/v2\/posts\/34526\/revisions\/34530"}],"wp:attachment":[{"href":"https:\/\/blog.ilgiornale.it\/ruzzo\/wp-json\/wp\/v2\/media?parent=34526"}],"wp:term":[{"taxonomy":"category","embeddable":true,"href":"https:\/\/blog.ilgiornale.it\/ruzzo\/wp-json\/wp\/v2\/categories?post=34526"},{"taxonomy":"post_tag","embeddable":true,"href":"https:\/\/blog.ilgiornale.it\/ruzzo\/wp-json\/wp\/v2\/tags?post=34526"}],"curies":[{"name":"wp","href":"https:\/\/api.w.org\/{rel}","templated":true}]}}