{"id":34555,"date":"2023-07-19T21:52:18","date_gmt":"2023-07-19T19:52:18","guid":{"rendered":"https:\/\/blog.ilgiornale.it\/ruzzo\/?p=34555"},"modified":"2023-07-20T11:47:58","modified_gmt":"2023-07-20T09:47:58","slug":"vince-jonas-ma-tadej-conquista-il-cuore","status":"publish","type":"post","link":"https:\/\/blog.ilgiornale.it\/ruzzo\/2023\/07\/19\/vince-jonas-ma-tadej-conquista-il-cuore\/","title":{"rendered":"Vince Jonas ma Tadej conquista il cuore&#8230;"},"content":{"rendered":"<p><a href=\"https:\/\/blog.ilgiornale.it\/ruzzo\/2023\/07\/19\/vince-jonas-ma-tadej-conquista-il-cuore\/tadej\/\" rel=\"attachment wp-att-34557\"><img loading=\"lazy\" class=\"alignright size-medium wp-image-34557\" src=\"https:\/\/blog.ilgiornale.it\/ruzzo\/files\/2023\/07\/tadej-300x201.jpg\" alt=\"\" width=\"300\" height=\"201\" srcset=\"https:\/\/blog.ilgiornale.it\/ruzzo\/files\/2023\/07\/tadej-300x201.jpg 300w, https:\/\/blog.ilgiornale.it\/ruzzo\/files\/2023\/07\/tadej-1024x686.jpg 1024w, https:\/\/blog.ilgiornale.it\/ruzzo\/files\/2023\/07\/tadej-768x514.jpg 768w, https:\/\/blog.ilgiornale.it\/ruzzo\/files\/2023\/07\/tadej.jpg 1374w\" sizes=\"(max-width: 300px) 100vw, 300px\" \/><\/a><strong>Tadej Pogacar<\/strong> lo scorta fin sul traguardo <strong>Marc Soler<\/strong> che alla fine gli tende una mano, lo abbraccia e lo accompagna verso l&#8217;ammiraglia della Uae quasi a proteggerlo. Nessun capitano, nessun gregario. Come un fratello maggiore che non vede l&#8217;ora di porre fine al tormento di un ragazzino che all&#8217;improvviso ritrova sul viso smarrito tutti\u00a0 i pochi anni che ha. Era finito ieri il Tour. Chiuso con una crono in salita corsa come se non ci fosse salita. E oggi sul Col de la Loze <strong>Jonas Vingegaard<\/strong> ha finito il lavoro che lo porter\u00e0 tra pochi giorni in giallo per la seconda volta a Parigi. Senza troppa piet\u00e0, come un pugile che vede il suo avversario in difficolt\u00e0 sul ring e lo stende con un uno-due che non gli lascia scampo. E&#8217; la legge dello sport. Che non fa sconti, che si scrive all&#8217;improvviso anche con un gesto, come quello di abbassare una zip e slacciarsi una maglietta. Un segno di resa e infatti il danese non ha neppure bisogno di attaccare, ci pensano gli altri ad alzare i giri. Lui si volta, guarda gi\u00f9 da un tornante, capisce e se ne va. Fine.\u00a0 Strano sport il ciclismo che non conosce mezze misure e alla fine ti porta sempre a fare il tifo per chi perde pi\u00f9 che per chi vince. E oggi pi\u00f9 di ieri ha perso Tadej, la sconfitta pi\u00f9 dura, una di quelle che lasciano qualche cicatrice anche nell&#8217;anima, che si curano solo quando (e chiss\u00e0 quando) si avr\u00e0 l&#8217;opportunit\u00e0 di pareggiare i conti, ma non sar\u00e0 domani, non sar\u00e0 presto.\u00a0 Lo stesso destino che tre anni fa era toccato a <strong>Primoz Roglic<\/strong> a La Planches des Belles Filles. Dovr\u00e0 passare il tempo, dovranno scorrere i chilometri, dovranno tornare ad incrociarsi le strade. Passato, futuro e presente che si intrecciano, tenuti insieme da un filo di sottile malinconia che accompagna sempre le grandi imprese, che impedisce di godersele appieno. Nello sport, negli altri sport in genere, la linea del tifo \u00e8 pi\u00f9 netta, non si fa troppa fatica a schierarsi, a prendere le parti di una squadra, di un campione, ad amare e (sportivamente) ad odiare a decidere chi sta simpatico e chi no.\u00a0 Nella &#8220;parabola&#8221; ciclistica invece, pi\u00f9 che altrove, gli ultimi sono sempre un po&#8217; anche primi. E la faccia smarrita di Pogacar, il suo volto nascosto tra le braccia appoggiate sul manubrio, probabilmente le sue lacrime tolgono un po&#8217; di gioia alle imprese di un Jonas Vingegaard monumentale, all&#8217;epica di un duello fantastico che nei sogni di molti sarebbe stato bello vedere finire in pareggio. Il bis del danese \u00e8 un sigillo di classe e di potenza, di calcolo forse, ma soprattutto di concentrazione e tenacia. Impossibile non applaudire, impossibile non restare affascinati da questo fuoriclasse che prima di pedalare giocava a badminton ma che ormai \u00e8 una delle stelle assolute del ciclismo mondiale.\u00a0 Onore al vincitore. Onore a Jonas che ha fatto ci\u00f2 che forse ci si aspettava ma non si immaginava. Onore al re del Tour. Ma Tadej conquista il cuore&#8230;<\/p>\n","protected":false},"excerpt":{"rendered":"<p><p>Tadej Pogacar lo scorta fin sul traguardo Marc Soler che alla fine gli tende una mano, lo abbraccia e lo accompagna verso l&#8217;ammiraglia della Uae quasi a proteggerlo. Nessun capitano, nessun gregario. Come un fratello maggiore che non vede l&#8217;ora di porre fine al tormento di un ragazzino che all&#8217;improvviso ritrova sul viso smarrito tutti\u00a0 i pochi anni che ha. Era finito ieri il Tour. Chiuso con una crono in salita corsa come se non ci fosse salita. E oggi sul Col de la Loze Jonas Vingegaard ha finito il lavoro che lo porter\u00e0 tra pochi giorni in giallo per [&hellip;]<\/p>\n&nbsp;&nbsp;<div class=\"readmore\"><a href=\"https:\/\/blog.ilgiornale.it\/ruzzo\/2023\/07\/19\/vince-jonas-ma-tadej-conquista-il-cuore\/\">Continua a leggere...<\/a><\/div><\/p>","protected":false},"author":956,"featured_media":0,"comment_status":"open","ping_status":"closed","sticky":false,"template":"","format":"standard","meta":[],"categories":[1],"tags":[],"_links":{"self":[{"href":"https:\/\/blog.ilgiornale.it\/ruzzo\/wp-json\/wp\/v2\/posts\/34555"}],"collection":[{"href":"https:\/\/blog.ilgiornale.it\/ruzzo\/wp-json\/wp\/v2\/posts"}],"about":[{"href":"https:\/\/blog.ilgiornale.it\/ruzzo\/wp-json\/wp\/v2\/types\/post"}],"author":[{"embeddable":true,"href":"https:\/\/blog.ilgiornale.it\/ruzzo\/wp-json\/wp\/v2\/users\/956"}],"replies":[{"embeddable":true,"href":"https:\/\/blog.ilgiornale.it\/ruzzo\/wp-json\/wp\/v2\/comments?post=34555"}],"version-history":[{"count":6,"href":"https:\/\/blog.ilgiornale.it\/ruzzo\/wp-json\/wp\/v2\/posts\/34555\/revisions"}],"predecessor-version":[{"id":34563,"href":"https:\/\/blog.ilgiornale.it\/ruzzo\/wp-json\/wp\/v2\/posts\/34555\/revisions\/34563"}],"wp:attachment":[{"href":"https:\/\/blog.ilgiornale.it\/ruzzo\/wp-json\/wp\/v2\/media?parent=34555"}],"wp:term":[{"taxonomy":"category","embeddable":true,"href":"https:\/\/blog.ilgiornale.it\/ruzzo\/wp-json\/wp\/v2\/categories?post=34555"},{"taxonomy":"post_tag","embeddable":true,"href":"https:\/\/blog.ilgiornale.it\/ruzzo\/wp-json\/wp\/v2\/tags?post=34555"}],"curies":[{"name":"wp","href":"https:\/\/api.w.org\/{rel}","templated":true}]}}