{"id":3462,"date":"2011-12-03T20:48:32","date_gmt":"2011-12-03T19:48:32","guid":{"rendered":"https:\/\/blog.ilgiornale.it\/ruzzo\/?p=3462"},"modified":"2011-12-04T16:25:51","modified_gmt":"2011-12-04T15:25:51","slug":"a-scuola-di-bicicletta-e-di-sport-negli-oratori","status":"publish","type":"post","link":"https:\/\/blog.ilgiornale.it\/ruzzo\/2011\/12\/03\/a-scuola-di-bicicletta-e-di-sport-negli-oratori\/","title":{"rendered":"A scuola di bicicletta (e di sport) negli oratori"},"content":{"rendered":"<p><a href=\"https:\/\/blog.ilgiornale.it\/ruzzo\/files\/2011\/12\/oratorio.jpg\"><img loading=\"lazy\" class=\"alignright size-medium wp-image-3466\" src=\"https:\/\/blog.ilgiornale.it\/ruzzo\/files\/2011\/12\/oratorio-300x199.jpg\" alt=\"\" width=\"300\" height=\"199\" \/><\/a>Quando sento parlare di &#8220;protocolli d&#8217;intesa&#8221;\u00a0 mi viene l&#8217;orticaria. Ma questa volta no. E speriamo che non mi venga dopo, perch\u00e8 il tema mi sta particolarmente a cuore. Quello firmato nei giorni scorsi dalla Federazione Ciclistica Italiana e dal Centro Sportivo Italiano \u00e8 un documento che spero abbia un buon seguito perch\u00e8 prover\u00e0 a promuovere l&#8217;uso della bicicletta tra i pi\u00f9 piccoli. Ed \u00e8 una bella sfida perch\u00e8\u00a0 in Italia siamo\u00a0un bel po&#8217; indietro rispetto a molti altri Paesi dove lo sport ( non solo la bici) \u00e8 cultura, partecipazione e non solo tifo calcistico. \u00a0Il documento \u00e8 intitolato \u00abPatto associativo per lo sviluppo della disciplina del ciclismo in Oratorio e nelle Parrocchie\u00bb. E in buona sostanza si tratta di un accordo\u00a0per promuovere i\u00a0valori educativi dello sport attraverso lo sviluppo della pratica ciclistica e la realizzazione di iniziative congiunte. E gli oratori sono il posto pi\u00f9 adatto. Si \u00e8 persa un po&#8217; l&#8217;abitudine di fare squadra all&#8217;oratorio.\u00a0Io sui campi della parrocchia\u00a0ho giocato e ci sono cresciuto. Mi hanno insegnato che era bello vincere ma che non era una tragedia perdere. Che in campo non si fanno sceneggiate, che gli avversari non si irridono, che le botte si prendono e si danno. Punto. Avevo un allenatore che metteva fuori squadra chi non si allenava per rispetto di chi non saltava un giro neppure sotto la neve, anche se era pi\u00f9 brocco.\u00a0 E avevo un gruppo di compagni di squadra con cui ho vinto parecchio e con i quali acora mi sento.\u00a0 Oggi non va proprio cos\u00ec.\u00a0 L&#8217;allenatore \u00e8 diventato mister, a 7 anni i ragazzi sono gi\u00e0 di propriet\u00e0 delle societ\u00e0 che vendono e comparno cartellini, chi \u00e8 bravo gioca gli altri vanno in panca e dopo i gol ho visto marmocchi di seconda elementare\u00a0esultare come Toni e compagnia bella. L&#8217;educazione? La\u00a0crescita? La formazione? Optional, non sempre richiesti. Ed \u00e8 per questo che la notizia che la federazione ciclistica\u00a0firma un patto per insegnare lo sport della bicicletta negli oratori \u00e8 una bella notizia. Ci mancano un po&#8217; gli oratori e forse \u00e8 il caso di ricominciare a frequantarli<\/p>\n","protected":false},"excerpt":{"rendered":"<p><p>Quando sento parlare di &#8220;protocolli d&#8217;intesa&#8221;\u00a0 mi viene l&#8217;orticaria. Ma questa volta no. E speriamo che non mi venga dopo, perch\u00e8 il tema mi sta particolarmente a cuore. Quello firmato nei giorni scorsi dalla Federazione Ciclistica Italiana e dal Centro Sportivo Italiano \u00e8 un documento che spero abbia un buon seguito perch\u00e8 prover\u00e0 a promuovere l&#8217;uso della bicicletta tra i pi\u00f9 piccoli. Ed \u00e8 una bella sfida perch\u00e8\u00a0 in Italia siamo\u00a0un bel po&#8217; indietro rispetto a molti altri Paesi dove lo sport ( non solo la bici) \u00e8 cultura, partecipazione e non solo tifo calcistico. \u00a0Il documento \u00e8 intitolato \u00abPatto [&hellip;]<\/p>\n&nbsp;&nbsp;<div class=\"readmore\"><a href=\"https:\/\/blog.ilgiornale.it\/ruzzo\/2011\/12\/03\/a-scuola-di-bicicletta-e-di-sport-negli-oratori\/\">Continua a leggere...<\/a><\/div><\/p>","protected":false},"author":956,"featured_media":0,"comment_status":"open","ping_status":"closed","sticky":false,"template":"","format":"standard","meta":[],"categories":[1],"tags":[],"_links":{"self":[{"href":"https:\/\/blog.ilgiornale.it\/ruzzo\/wp-json\/wp\/v2\/posts\/3462"}],"collection":[{"href":"https:\/\/blog.ilgiornale.it\/ruzzo\/wp-json\/wp\/v2\/posts"}],"about":[{"href":"https:\/\/blog.ilgiornale.it\/ruzzo\/wp-json\/wp\/v2\/types\/post"}],"author":[{"embeddable":true,"href":"https:\/\/blog.ilgiornale.it\/ruzzo\/wp-json\/wp\/v2\/users\/956"}],"replies":[{"embeddable":true,"href":"https:\/\/blog.ilgiornale.it\/ruzzo\/wp-json\/wp\/v2\/comments?post=3462"}],"version-history":[{"count":4,"href":"https:\/\/blog.ilgiornale.it\/ruzzo\/wp-json\/wp\/v2\/posts\/3462\/revisions"}],"predecessor-version":[{"id":3464,"href":"https:\/\/blog.ilgiornale.it\/ruzzo\/wp-json\/wp\/v2\/posts\/3462\/revisions\/3464"}],"wp:attachment":[{"href":"https:\/\/blog.ilgiornale.it\/ruzzo\/wp-json\/wp\/v2\/media?parent=3462"}],"wp:term":[{"taxonomy":"category","embeddable":true,"href":"https:\/\/blog.ilgiornale.it\/ruzzo\/wp-json\/wp\/v2\/categories?post=3462"},{"taxonomy":"post_tag","embeddable":true,"href":"https:\/\/blog.ilgiornale.it\/ruzzo\/wp-json\/wp\/v2\/tags?post=3462"}],"curies":[{"name":"wp","href":"https:\/\/api.w.org\/{rel}","templated":true}]}}