{"id":34747,"date":"2023-08-23T19:19:50","date_gmt":"2023-08-23T17:19:50","guid":{"rendered":"https:\/\/blog.ilgiornale.it\/ruzzo\/?p=34747"},"modified":"2023-08-23T19:19:50","modified_gmt":"2023-08-23T17:19:50","slug":"sport-per-tutti-quando-una-protesi-vale-piu-di-un-oro","status":"publish","type":"post","link":"https:\/\/blog.ilgiornale.it\/ruzzo\/2023\/08\/23\/sport-per-tutti-quando-una-protesi-vale-piu-di-un-oro\/","title":{"rendered":"Sport per tutti: quando una protesi vale pi\u00f9 di un oro"},"content":{"rendered":"<p><a href=\"https:\/\/blog.ilgiornale.it\/ruzzo\/2023\/08\/23\/sport-per-tutti-quando-una-protesi-vale-piu-di-un-oro\/prot\/\" rel=\"attachment wp-att-34748\"><img loading=\"lazy\" class=\"alignleft size-medium wp-image-34748\" src=\"https:\/\/blog.ilgiornale.it\/ruzzo\/files\/2023\/08\/prot-225x300.jpg\" alt=\"\" width=\"225\" height=\"300\" srcset=\"https:\/\/blog.ilgiornale.it\/ruzzo\/files\/2023\/08\/prot-225x300.jpg 225w, https:\/\/blog.ilgiornale.it\/ruzzo\/files\/2023\/08\/prot-768x1024.jpg 768w, https:\/\/blog.ilgiornale.it\/ruzzo\/files\/2023\/08\/prot-1152x1536.jpg 1152w, https:\/\/blog.ilgiornale.it\/ruzzo\/files\/2023\/08\/prot.jpg 1440w\" sizes=\"(max-width: 225px) 100vw, 225px\" \/><\/a>Nella citt\u00e0 che ha appena archiviato i mondiali di scherma, di Milan e Inter e nella citt\u00e0 che \u00e8 al lavoro per farsi trovare pronta alle prossime olimpiadi invernali c\u2019\u00e8 una \u00abnotiziola\u00bb che sfiora lo sport ma che in realt\u00e0 vale quanto un oro se non di pi\u00f9. La Giunta regionale lombarda, poco tempo fa, ha approvato una delibera che ha stanziato 947mila euro che potranno essere utilizzati come contributi per l\u2019acquisto di ausili e protesi per le persone con disabilit\u00e0 dai 10 anni in su che praticano attivit\u00e0 sportive amatoriali. Non si tratta dello sport dei campioni, dello sport che riempie stadi e trova titoloni sui giornali. Si parla della pratica sportiva amatoriale, di quella che si fa nelle scuole, nei campetti, nelle piste d\u2019atletica sotto casa, dove ci sono. Si tratta di un piccolo aiuto che permetter\u00e0 a qualche bambino di avvicinarsi allo sport. Ci sono provvedimenti che al di l\u00e0 di chi prima li fa, delle cifre, delle parti politiche che li approvano sono passi in avanti di civilt\u00e0. Soprattutto in un Paese dove, fino a poco tempo fa la disabilit\u00e0 nello sport dei ragazzi e in quello amatoriale, rappresentava, e purtroppo ancora rappresenta, una barriera insormontabile a volte culturale ma molto pi\u00f9 spesso economica perch\u00e8 le protesi hanno costi altissimi. E allora ben venga la delibera e c\u2019\u00e8 da augurarsi che, come avevano spiegato presentandola l\u2019assessore al Welfare<strong> Guido Bertolaso<\/strong> e la collega dello Sport <strong>Lara Magoni<\/strong>, il fondo si esaurisca il pi\u00f9 in fretta possibile perch\u00e8 ci\u00f2 vorr\u00e0 dire che la partecipazione al bando sar\u00e0 stata massiccia. Ci sono delibere che valgono pi\u00f9 di altre. E questo \u00e8 il caso perch\u00e8 \u00e8 l\u2019inizio di un percorso, perch\u00e8 apre una via, perch\u00e8 parte dalle scuole primarie e si rivolge non ad atleti e campioni, ma a chi ha un sogno nel cassetto. Si rivolge a chi con le difficolt\u00e0 di una paresi o di una schiena bifida potr\u00e0 cominciare finalmente a fare attivit\u00e0 fisica, a giocare a tennis, a sciare in modo alternativo e promuove lo sport nel suo senso pi\u00f9 alto: non lasciare mai nessuno nell\u2019angolo. Non solo. Dare a tutti la possibilit\u00e0 di fare sport \u00e8 il modo migliore per far crescere i ragazzi, di coinvolgerli, di istruirli sul campo, di tenerli lontani dai guai. \u00c9 il modo per spiegare, meglio di tante chiacchiere, quanto la vera disabilit\u00e0 sia molto spesso solo negli occhi di chi guarda e di chi non comprende che dalle diversit\u00e0 si pu\u00f2 solo imparare.<\/p>\n","protected":false},"excerpt":{"rendered":"<p><p>Nella citt\u00e0 che ha appena archiviato i mondiali di scherma, di Milan e Inter e nella citt\u00e0 che \u00e8 al lavoro per farsi trovare pronta alle prossime olimpiadi invernali c\u2019\u00e8 una \u00abnotiziola\u00bb che sfiora lo sport ma che in realt\u00e0 vale quanto un oro se non di pi\u00f9. La Giunta regionale lombarda, poco tempo fa, ha approvato una delibera che ha stanziato 947mila euro che potranno essere utilizzati come contributi per l\u2019acquisto di ausili e protesi per le persone con disabilit\u00e0 dai 10 anni in su che praticano attivit\u00e0 sportive amatoriali. Non si tratta dello sport dei campioni, dello sport [&hellip;]<\/p>\n&nbsp;&nbsp;<div class=\"readmore\"><a href=\"https:\/\/blog.ilgiornale.it\/ruzzo\/2023\/08\/23\/sport-per-tutti-quando-una-protesi-vale-piu-di-un-oro\/\">Continua a leggere...<\/a><\/div><\/p>","protected":false},"author":956,"featured_media":0,"comment_status":"open","ping_status":"closed","sticky":false,"template":"","format":"standard","meta":[],"categories":[1],"tags":[],"_links":{"self":[{"href":"https:\/\/blog.ilgiornale.it\/ruzzo\/wp-json\/wp\/v2\/posts\/34747"}],"collection":[{"href":"https:\/\/blog.ilgiornale.it\/ruzzo\/wp-json\/wp\/v2\/posts"}],"about":[{"href":"https:\/\/blog.ilgiornale.it\/ruzzo\/wp-json\/wp\/v2\/types\/post"}],"author":[{"embeddable":true,"href":"https:\/\/blog.ilgiornale.it\/ruzzo\/wp-json\/wp\/v2\/users\/956"}],"replies":[{"embeddable":true,"href":"https:\/\/blog.ilgiornale.it\/ruzzo\/wp-json\/wp\/v2\/comments?post=34747"}],"version-history":[{"count":2,"href":"https:\/\/blog.ilgiornale.it\/ruzzo\/wp-json\/wp\/v2\/posts\/34747\/revisions"}],"predecessor-version":[{"id":34750,"href":"https:\/\/blog.ilgiornale.it\/ruzzo\/wp-json\/wp\/v2\/posts\/34747\/revisions\/34750"}],"wp:attachment":[{"href":"https:\/\/blog.ilgiornale.it\/ruzzo\/wp-json\/wp\/v2\/media?parent=34747"}],"wp:term":[{"taxonomy":"category","embeddable":true,"href":"https:\/\/blog.ilgiornale.it\/ruzzo\/wp-json\/wp\/v2\/categories?post=34747"},{"taxonomy":"post_tag","embeddable":true,"href":"https:\/\/blog.ilgiornale.it\/ruzzo\/wp-json\/wp\/v2\/tags?post=34747"}],"curies":[{"name":"wp","href":"https:\/\/api.w.org\/{rel}","templated":true}]}}