{"id":34778,"date":"2023-08-28T21:20:26","date_gmt":"2023-08-28T19:20:26","guid":{"rendered":"https:\/\/blog.ilgiornale.it\/ruzzo\/?p=34778"},"modified":"2023-08-28T21:20:27","modified_gmt":"2023-08-28T19:20:27","slug":"sgarbi-al-cio-rendere-la-medaglia-olimpica-a-rebellin","status":"publish","type":"post","link":"https:\/\/blog.ilgiornale.it\/ruzzo\/2023\/08\/28\/sgarbi-al-cio-rendere-la-medaglia-olimpica-a-rebellin\/","title":{"rendered":"Sgarbi al Cio: &#8220;Rendere la medaglia olimpica a Rebellin&#8221;"},"content":{"rendered":"<p><a href=\"https:\/\/blog.ilgiornale.it\/ruzzo\/2023\/08\/28\/sgarbi-al-cio-rendere-la-medaglia-olimpica-a-rebellin\/rebe1-ke1c-u461001160681022apg-656x492corriereveneto-web-veneto\/\" rel=\"attachment wp-att-34779\"><img loading=\"lazy\" class=\"alignright size-medium wp-image-34779\" src=\"https:\/\/blog.ilgiornale.it\/ruzzo\/files\/2023\/08\/rebe1-ke1C-U461001160681022aPG-656x492@CorriereVeneto-Web-Veneto-300x225.jpg\" alt=\"\" width=\"300\" height=\"225\" srcset=\"https:\/\/blog.ilgiornale.it\/ruzzo\/files\/2023\/08\/rebe1-ke1C-U461001160681022aPG-656x492@CorriereVeneto-Web-Veneto-300x225.jpg 300w, https:\/\/blog.ilgiornale.it\/ruzzo\/files\/2023\/08\/rebe1-ke1C-U461001160681022aPG-656x492@CorriereVeneto-Web-Veneto.jpg 656w\" sizes=\"(max-width: 300px) 100vw, 300px\" \/><\/a>Rendere giustizia a <strong>Davide Rebellin<\/strong> nelle aule del Tribunale dove si sta cercando di capire come sia stato ucciso e\u00a0 in quelle del Cio per rendere al campione olimpico che conquist\u00f2 un argento l&#8217;onore e la gloria ingiustamente sottratti.\u00a0 Cos\u00ec proprio nel giorno in cui <strong>Wolfgang Rieke,<\/strong> il camionista tedesco accusato di averlo travolto e ucciso risponde per due ore a tutte le domande del gip Nicol\u00f2 Gianesin, si scusa perch\u00e8 dice di non averlo visto e tramite il suo legale chiede i domiciliari in Germania e a Vicenza, il Sottosegretario alla Cultura <strong>Vittorio Sgarbi<\/strong> chiede al Comitato olimpico nazionale di sollecitare il CIO (Comit\u00e9 International Olympique) perch\u00e9 restituisca al campione veneto la medaglia d\u2019argento vinta alle Olimpiadi di Pechino 2008. Gli era stata tolta perch\u00e9 sospettato di avere fatto uso di sostanze dopanti ma poi nel 2015, dopo una battaglia durata sette anni, Rebellin \u00e8 stato assolto dalle accuse perch\u00e9 \u00abil fatto non sussiste\u00bb. \u00abCadute le accuse che lo perseguitarono in vita &#8211; commenta Sgarbi &#8211; sarebbe un segnale di giustizia e gratitudine restituirgli dignit\u00e0 e onore\u00bb. Una storia tormentata quella del campione di San Bonifacio che non si era distinto solo nella gara olimpica. Cona settantina di vittorie \u00e8 stato un pezzo di storia del nostro ciclismo.\u00a0 Tante le classiche conquistate ma su tutto spicca l\u2019annata d\u2019oro del 2004, quando divenne il primo della storia a vincere in 8 giorni Amstel Gold Race, Freccia Vallone (conquistata 3 volte in tutto) e Liegi-Bastogne-Liegi. Nella sua bacheca anche la classica di\u00a0 San Sebastian, il Gp di Francoforte, alcune tappe tappe al Giro\u00a0 in cui fu anche maglia rosa e alla Vuelta, la Tirreno-Adriatico e la Parigi-Nizza. Nel 2008 arriv\u00f2 la medaglia d\u2019argento nella prova in linea all\u2019Olimpiade di Pechino a cui seguirono le accuse di positivit\u00e0 al Cera da cui venne completamente assolto dal Tribunale di Padova sette anni dopo e che , oltre ad avergli segnato in modo pesante un pezzo di carriera con squalifiche ed esclusioni da gare, lo aveva profondamente provato dal punto di vista personale. E per rendersene conto basta dare un\u2019occhiata alla lettera che a settembre del 2015 scrisse alla <strong>Gazzetta dello Sport<\/strong>\u00a0dopo aver vinto \u00a0la\u00a0<strong>Coppa Agostoni<\/strong> : \u00abIl 30 aprile 2015, dopo sette anni di processo interminabile, la sentenza del tribunale mi \u00e8 stata favorevole con l\u2019assoluzione piena dall\u2019accusa di doping ai Giochi Olimpici 2008 e di evasione fiscale- scriveva<strong>\u00a0Rebelllin<\/strong>\u2013\u00a0 \u00c8 stata una lunga battaglia, pi\u00f9 estenuante di qualsiasi corsa, ma \u00e8 la vittoria pi\u00f9 giusta e pi\u00f9 importante della mia carriera\u2026 Non voglio rifare il processo (la giusta sentenza finale \u00e8 la cosa pi\u00f9 importante), ma vorrei solo dire che non ho mai avuto risposte e spiegazioni nonostante le numerose procedure dei controlli non rispettate, come per esempio campioni di sangue spariti, andati tra le mani di\u2026non sappiamo chi. Ho subito ingiustamente una squalifica di due anni, ma \u00e8 come se fosse stata di sette: al mio rientro nel 2011 ho avuto tante porte chiuse da parte di alcuni organizzatori, manager e media, perdendo pi\u00f9 energia nel cercare di poter fare il mio lavoro in modo giusto e dignitoso che nel fare pesanti allenamenti e pochissime gare. Sarebbe stato pi\u00f9 semplice arrendersi\u2026. Sono stati sette anni di calvario con la paura che tutto andasse in prescrizione, quando invece per me era importante che la sentenza arrivasse prima per avere l\u2019assoluzione piena. Finalmente la giusta sentenza \u00e8 arrivata. Ma chi mi rid\u00e0 quello che mi \u00e8 stato tolto? Corse a me tanto care come le grandi classiche dove mi \u00e8 stata negata la possibilit\u00e0 di partecipare, visibilit\u00e0, possibilit\u00e0 di essere in grandi squadre, la medaglia Olimpica, la serenit\u00e0 personale e familiare. Chi riparer\u00e0 la tristezza di mia moglie che mi ha conosciuto e amato nel periodo pi\u00f9 difficile della mia vita e ha dovuto subire anche lei questa situazione ingiusta vedendo considerato suo marito alla stregua di un criminale, quando invece criminale era questo accanimento nei miei confronti senza mai voler ascoltare la mia verit\u00e0?\u201d.<\/p>\n","protected":false},"excerpt":{"rendered":"<p><p>Rendere giustizia a Davide Rebellin nelle aule del Tribunale dove si sta cercando di capire come sia stato ucciso e\u00a0 in quelle del Cio per rendere al campione olimpico che conquist\u00f2 un argento l&#8217;onore e la gloria ingiustamente sottratti.\u00a0 Cos\u00ec proprio nel giorno in cui Wolfgang Rieke, il camionista tedesco accusato di averlo travolto e ucciso risponde per due ore a tutte le domande del gip Nicol\u00f2 Gianesin, si scusa perch\u00e8 dice di non averlo visto e tramite il suo legale chiede i domiciliari in Germania e a Vicenza, il Sottosegretario alla Cultura Vittorio Sgarbi chiede al Comitato olimpico nazionale [&hellip;]<\/p>\n&nbsp;&nbsp;<div class=\"readmore\"><a href=\"https:\/\/blog.ilgiornale.it\/ruzzo\/2023\/08\/28\/sgarbi-al-cio-rendere-la-medaglia-olimpica-a-rebellin\/\">Continua a leggere...<\/a><\/div><\/p>","protected":false},"author":956,"featured_media":0,"comment_status":"open","ping_status":"closed","sticky":false,"template":"","format":"standard","meta":[],"categories":[1],"tags":[],"_links":{"self":[{"href":"https:\/\/blog.ilgiornale.it\/ruzzo\/wp-json\/wp\/v2\/posts\/34778"}],"collection":[{"href":"https:\/\/blog.ilgiornale.it\/ruzzo\/wp-json\/wp\/v2\/posts"}],"about":[{"href":"https:\/\/blog.ilgiornale.it\/ruzzo\/wp-json\/wp\/v2\/types\/post"}],"author":[{"embeddable":true,"href":"https:\/\/blog.ilgiornale.it\/ruzzo\/wp-json\/wp\/v2\/users\/956"}],"replies":[{"embeddable":true,"href":"https:\/\/blog.ilgiornale.it\/ruzzo\/wp-json\/wp\/v2\/comments?post=34778"}],"version-history":[{"count":2,"href":"https:\/\/blog.ilgiornale.it\/ruzzo\/wp-json\/wp\/v2\/posts\/34778\/revisions"}],"predecessor-version":[{"id":34781,"href":"https:\/\/blog.ilgiornale.it\/ruzzo\/wp-json\/wp\/v2\/posts\/34778\/revisions\/34781"}],"wp:attachment":[{"href":"https:\/\/blog.ilgiornale.it\/ruzzo\/wp-json\/wp\/v2\/media?parent=34778"}],"wp:term":[{"taxonomy":"category","embeddable":true,"href":"https:\/\/blog.ilgiornale.it\/ruzzo\/wp-json\/wp\/v2\/categories?post=34778"},{"taxonomy":"post_tag","embeddable":true,"href":"https:\/\/blog.ilgiornale.it\/ruzzo\/wp-json\/wp\/v2\/tags?post=34778"}],"curies":[{"name":"wp","href":"https:\/\/api.w.org\/{rel}","templated":true}]}}