{"id":34787,"date":"2023-08-30T09:32:19","date_gmt":"2023-08-30T07:32:19","guid":{"rendered":"https:\/\/blog.ilgiornale.it\/ruzzo\/?p=34787"},"modified":"2023-08-30T10:19:57","modified_gmt":"2023-08-30T08:19:57","slug":"seregni-che-gioia-la-vittoria-mondiale-sogno-il-triathlon-dei-giochi","status":"publish","type":"post","link":"https:\/\/blog.ilgiornale.it\/ruzzo\/2023\/08\/30\/seregni-che-gioia-la-vittoria-mondiale-sogno-il-triathlon-dei-giochi\/","title":{"rendered":"Seregni: &#8220;Che gioia la vittoria mondiale: ora il triathlon dei Giochi&#8221;"},"content":{"rendered":"<p><a href=\"https:\/\/blog.ilgiornale.it\/ruzzo\/2023\/08\/30\/seregni-che-gioia-la-vittoria-mondiale-sogno-il-triathlon-dei-giochi\/sere\/\" rel=\"attachment wp-att-34788\"><img loading=\"lazy\" class=\"alignleft size-medium wp-image-34788\" src=\"https:\/\/blog.ilgiornale.it\/ruzzo\/files\/2023\/08\/sere-210x300.jpg\" alt=\"\" width=\"210\" height=\"300\" srcset=\"https:\/\/blog.ilgiornale.it\/ruzzo\/files\/2023\/08\/sere-210x300.jpg 210w, https:\/\/blog.ilgiornale.it\/ruzzo\/files\/2023\/08\/sere.jpg 573w\" sizes=\"(max-width: 210px) 100vw, 210px\" \/><\/a>E l&#8217;alba cinese diventa dolcissima. Vincono le ragazze italiane nella World triathlon cup a Weihai sulla distanza olimpica: 1,5 km a nuoto, 40 km in bici e 10 di corsa. Gradino pi\u00f9 alto per <strong>Bianca Seregni,<\/strong> seguita da <strong>Ilaria Zane<\/strong> che completa un podio in cui si inserisce in seconda posizione l\u2019austriaca <strong>Lisa Perterer. <\/strong>Ci voleva. Ci voleva per tanti motivi,\u00a0 perch\u00e8 una vittoria mondiale \u00e8 sempre un traguardo di prestigio assoluto, perch\u00e8 Parigi \u00e8 alle porte e questa \u00e8 una bella iniezione di fiducia per tutto il gruppo che arriva dopo risultati non brillanti e perch\u00e8 d\u00e0 morale all\u2019atleta azzurra delle <strong>Fiamme Oro-DDS\/7MP<\/strong> che ha dovuto fare i conti con un infortunio che rischiava di farle perdere un po\u2019 la strada.\u00a0 La Seregni, 23 anni di Sesto san Giovanni, studentessa di psicologia \u00e8 arrivata al triathlon sette anni fa dopo una lunga esperienza nel nuoto agonistico in cui ha vinto tre Europei da junior. Fa\u00a0 parte stabilmente ormai del progetto azzurro per i Giochi di Parigi del prossimo anno, centra cos\u00ec la sua prima vittoria di Coppa del Mondo dopo l\u2019argento di Karlovy Vary e il bronzo di Huatulco nel 2022 e l\u2019argento sempre a Karlovy Vary nel 2021.<\/p>\n<p>&nbsp;<\/p>\n<blockquote><p><strong>Come ci si sente dopo la prima vittoria mondiale?<\/strong><br \/>\n\u00abPosso dire di essere contenta, felice e molto soddisfatta di me. Il picco delle gioia \u00e8 stato subito dopo aver tagliato il traguardo ma devo dire che questa volta mi sto godendo la vittoria anche dopo\u00bb. (&#8230;)<br \/>\n<strong>Quando ha capito che avrebbe potuto farcela?<\/strong><br \/>\n\u00abIl triathlon \u00e9 uno sport difficile. Nuoto, bici, corsa: fino all\u2019ultimo non sai mai cosa pu\u00f2 succedere. Diciamo che durante la corsa quando ho cominciato a prendere un po\u2019 di margine sulle mie avversarie ho capito che avrei potuto giocare le mie carte\u00bb<br \/>\n<strong>Lei fa triathlon da sette anni, come ci \u00e8 arrivata?<\/strong><br \/>\nDal nuoto che ho lasciato perch\u00e8 ad un certo momento avevo bisogno di pi\u00f9 libert\u00e0 che non riuscivo a trovare nell\u2019 ambiente chiuso delle piscine. \u00c9 stata la scelta giusta ora mi sento molto fortunata perch\u00e8 sono riuscita a far diventare un lavoro la mia grande passione\u00bb<br \/>\n<strong>Oltre alla vittoria cosa riporta a casa dalla trasferta cinese?<\/strong><br \/>\n\u00ab\u00c9 stata un\u2019 esperienza importante dal punto di vista sportivo ma anche personale. E un Paese con usi e cultura lontanissimo dal nostro. Cambia un po\u2019 tutto, spesso \u00e8 complicato farsi capire perch\u00e8 non tutti parlano inglese, il cibo \u00e8 completamente diverso dal nostro e da quello dei Paesi europei e, per atleti che devono gareggiare, serve un po\u2019 di adattamento\u00bb.<br \/>\n<strong>Le sconfitte insegnano sempre qualcosa e le vittorie?<\/strong><br \/>\n\u00abAnche le vittorie insegnano. Vincere a qualsiasi livello e soprattutto in gare di coppa del Mondo non \u00e9 mai facile. Serve metterci la testa e le vittorie insegnano a credere in se stessi\u00bb.<br \/>\n<strong>Veniva da un infortunio e da un periodo complicato: di cosa ha fatto tesoro quando le cose non andavano bene?<\/strong><br \/>\n\u00abNon \u00e8 stato un periodo facile. Ho sempre cercato di guardare avanti e di non focalizzarmi troppo sulle cose negative, ho cercato sempre di essere propositiva\u00bb.<br \/>\n<strong>Nuoto, bici e corsa: questa vittoria che paure cancella?<\/strong><br \/>\n\u00abSpazza via un po\u2019 di cattivi pensieri che a volte mi girano nella testa, porta via un po\u2019 di dubbi e mi d\u00e0 pi\u00f9 sicurezza. Mi ha fatto capire che se voglio, posso farcela\u00bb.<br \/>\n<strong>Dove pensa di dover migliorare ancora?<\/strong><br \/>\n\u00abPenso che il percorso sia ancora lungo ma ci vuole calma per rinforzare l\u2019esperienza, il fisico e la testa. Credo di dovermi costruire ancora una solidit\u00e0 generale, la capacit\u00e0 di adattarmi meglio quando mi si presenta un imprevisto e di dover lavorare tanto sulla tecnica e sulla gestione della frazione di bici\u00bb.<br \/>\n<strong>L\u2019obbiettivo \u00e8 strappare un biglietto per i Giochi Parigi 2024, il suo sogno: ora lo sente un po&#8217; pi\u00f9 vicino?<\/strong><br \/>\n\u00abSento che \u00e9 fattibile e che lavorando possiamo farcela&gt;<br \/>\n<strong>Vincere aiuta a vincere si dice: quali sono le prossime sfide?<\/strong><br \/>\n\u00abTra due settimane sar\u00f2 a KarlovyVary per un\u2019altra World Cup, poi a fine settembre a Pontevedra per la Grand Final Elite&gt;<br \/>\n<strong>Deve ringraziare qualcuno in particolare?<\/strong><br \/>\n\u00abS\u00ec. Vorrei ringraziare tutte quelle persone che mi stanno vicine veramente, che credono in me e mi supportano sia quando le cose vanno bene ma soprattutto quando vanno male&#8230; Quindi tutto il mio staff, il mio coach, la mia famiglia,i miei compagni di allenamento&#8230;\u00bb<\/p><\/blockquote>\n","protected":false},"excerpt":{"rendered":"<p><p>E l&#8217;alba cinese diventa dolcissima. Vincono le ragazze italiane nella World triathlon cup a Weihai sulla distanza olimpica: 1,5 km a nuoto, 40 km in bici e 10 di corsa. Gradino pi\u00f9 alto per Bianca Seregni, seguita da Ilaria Zane che completa un podio in cui si inserisce in seconda posizione l\u2019austriaca Lisa Perterer. Ci voleva. Ci voleva per tanti motivi,\u00a0 perch\u00e8 una vittoria mondiale \u00e8 sempre un traguardo di prestigio assoluto, perch\u00e8 Parigi \u00e8 alle porte e questa \u00e8 una bella iniezione di fiducia per tutto il gruppo che arriva dopo risultati non brillanti e perch\u00e8 d\u00e0 morale all\u2019atleta [&hellip;]<\/p>\n&nbsp;&nbsp;<div class=\"readmore\"><a href=\"https:\/\/blog.ilgiornale.it\/ruzzo\/2023\/08\/30\/seregni-che-gioia-la-vittoria-mondiale-sogno-il-triathlon-dei-giochi\/\">Continua a leggere...<\/a><\/div><\/p>","protected":false},"author":956,"featured_media":0,"comment_status":"open","ping_status":"closed","sticky":false,"template":"","format":"standard","meta":[],"categories":[1],"tags":[],"_links":{"self":[{"href":"https:\/\/blog.ilgiornale.it\/ruzzo\/wp-json\/wp\/v2\/posts\/34787"}],"collection":[{"href":"https:\/\/blog.ilgiornale.it\/ruzzo\/wp-json\/wp\/v2\/posts"}],"about":[{"href":"https:\/\/blog.ilgiornale.it\/ruzzo\/wp-json\/wp\/v2\/types\/post"}],"author":[{"embeddable":true,"href":"https:\/\/blog.ilgiornale.it\/ruzzo\/wp-json\/wp\/v2\/users\/956"}],"replies":[{"embeddable":true,"href":"https:\/\/blog.ilgiornale.it\/ruzzo\/wp-json\/wp\/v2\/comments?post=34787"}],"version-history":[{"count":4,"href":"https:\/\/blog.ilgiornale.it\/ruzzo\/wp-json\/wp\/v2\/posts\/34787\/revisions"}],"predecessor-version":[{"id":34792,"href":"https:\/\/blog.ilgiornale.it\/ruzzo\/wp-json\/wp\/v2\/posts\/34787\/revisions\/34792"}],"wp:attachment":[{"href":"https:\/\/blog.ilgiornale.it\/ruzzo\/wp-json\/wp\/v2\/media?parent=34787"}],"wp:term":[{"taxonomy":"category","embeddable":true,"href":"https:\/\/blog.ilgiornale.it\/ruzzo\/wp-json\/wp\/v2\/categories?post=34787"},{"taxonomy":"post_tag","embeddable":true,"href":"https:\/\/blog.ilgiornale.it\/ruzzo\/wp-json\/wp\/v2\/tags?post=34787"}],"curies":[{"name":"wp","href":"https:\/\/api.w.org\/{rel}","templated":true}]}}