{"id":35252,"date":"2023-11-22T17:16:04","date_gmt":"2023-11-22T16:16:04","guid":{"rendered":"https:\/\/blog.ilgiornale.it\/ruzzo\/?p=35252"},"modified":"2023-11-22T20:25:52","modified_gmt":"2023-11-22T19:25:52","slug":"gruppone-di-ciclisti-passa-col-rosso-e-trova-i-carabinieri-33-multe","status":"publish","type":"post","link":"https:\/\/blog.ilgiornale.it\/ruzzo\/2023\/11\/22\/gruppone-di-ciclisti-passa-col-rosso-e-trova-i-carabinieri-33-multe\/","title":{"rendered":"Gruppone di ciclisti passa col rosso e trova i carabinieri: 33 multe"},"content":{"rendered":"<p><a href=\"https:\/\/blog.ilgiornale.it\/ruzzo\/2023\/11\/22\/gruppone-di-ciclisti-passa-col-rosso-e-trova-i-carabinieri-33-multe\/ciclisti-3-3\/\" rel=\"attachment wp-att-35256\"><img loading=\"lazy\" class=\"alignright size-medium wp-image-35256\" src=\"https:\/\/blog.ilgiornale.it\/ruzzo\/files\/2023\/11\/ciclisti-3-3-300x169.jpg\" alt=\"\" width=\"300\" height=\"169\" srcset=\"https:\/\/blog.ilgiornale.it\/ruzzo\/files\/2023\/11\/ciclisti-3-3-300x169.jpg 300w, https:\/\/blog.ilgiornale.it\/ruzzo\/files\/2023\/11\/ciclisti-3-3-768x432.jpg 768w, https:\/\/blog.ilgiornale.it\/ruzzo\/files\/2023\/11\/ciclisti-3-3.jpg 1000w\" sizes=\"(max-width: 300px) 100vw, 300px\" \/><\/a>L&#8217;unione fa la forza e in certi casi anche un po&#8217; l&#8217;arroganza di sentirsi\u00a0 sopra le righe e le regole. Da anni ormai la domenica mattina sulle strade si sono moltiplicati i ciclisti ed \u00e8 un bel segno di tempi perch\u00e8 pedalare \u00e8 una gioia. Alcuni pedalano per fare attivit\u00e0 fisica, altri per stare in compagnia o far cicloturismo, altri fanno chilometri senza troppo stress preferendo le ciclabili, altri ancora fanno sul serio e si allenano su statali e provinciali. Ognuno fa ci\u00f2 che vuole ma chi si allena in genere \u00e8 gente che va su bici da corsa, &#8220;tirata&#8221;, veloce, che si d\u00e0 cambi, sta in scia e fa gruppo come i professionisti o gi\u00f9 di l\u00ec. Gruppi pi\u00f9 o meno numerosi: cinque o sei amici, una decina di compagni di squadra oppure quaranta, cinquanta che si ritrovano ad un&#8217;ora certa in un punto certo e in un paio d&#8217;ore macinano anche un&#8217;ottantina di chilometri con medie da gara o da granfondo poi puntualmente pubblicate sui profili di Strava. E qui sta il punto. Questi enormi gruppi non sempre\u00a0 rispettano regole e semafori il che, oltrech\u00e8 a far infuriare chi li incontra, non rende un buon servizio a tutto il resto del mondo che va in bici con smanie meno agonistiche: \u00a0si fa in fretta a mettere tutti nello stesso calderone. Pochi giorni fa a San Colombano al Lambro, alle porte di Milano, un gruppone di una trentina d ciclisti che si stava allenando sulla provinciale\u00a0 23 che porta verso l&#8217;ospedale di Lodi ha bruciato senza pensarci troppo un semaforo rosso passando l&#8217; incrocio che porta verso Chignolo Po. Probabilmente non volevano rallentare per non compromettere la media, forse \u00e8 passato uno e gli altri gli sono andati dietro &#8220;tanto siamo in tanti&#8221; o forse ancora lo hanno sempre fatto e gli \u00e8 sempre andata bene&#8230; Non domenica mattina perch\u00e8 tra le auto che aspettavano di passare c&#8217;era anche una gazzella dei carabinieri della stazione di San Colombano. I militari non ci hanno pensato un attimo ad accendere la sirena e a bloccarli. Qualcuno \u00e8 riuscito a dileguarsi, la maggiorparte no. Sono stati tutti fermati e identificati ed \u00e8 finita con 33 multe da 116 euro verbalizzate\u00a0 ai militari della Stazione di San Colombano. Tappa e maglia, si dice in questi casi<\/p>\n","protected":false},"excerpt":{"rendered":"<p><p>L&#8217;unione fa la forza e in certi casi anche un po&#8217; l&#8217;arroganza di sentirsi\u00a0 sopra le righe e le regole. Da anni ormai la domenica mattina sulle strade si sono moltiplicati i ciclisti ed \u00e8 un bel segno di tempi perch\u00e8 pedalare \u00e8 una gioia. Alcuni pedalano per fare attivit\u00e0 fisica, altri per stare in compagnia o far cicloturismo, altri fanno chilometri senza troppo stress preferendo le ciclabili, altri ancora fanno sul serio e si allenano su statali e provinciali. Ognuno fa ci\u00f2 che vuole ma chi si allena in genere \u00e8 gente che va su bici da corsa, &#8220;tirata&#8221;, [&hellip;]<\/p>\n&nbsp;&nbsp;<div class=\"readmore\"><a href=\"https:\/\/blog.ilgiornale.it\/ruzzo\/2023\/11\/22\/gruppone-di-ciclisti-passa-col-rosso-e-trova-i-carabinieri-33-multe\/\">Continua a leggere...<\/a><\/div><\/p>","protected":false},"author":956,"featured_media":0,"comment_status":"open","ping_status":"closed","sticky":false,"template":"","format":"standard","meta":[],"categories":[1],"tags":[],"_links":{"self":[{"href":"https:\/\/blog.ilgiornale.it\/ruzzo\/wp-json\/wp\/v2\/posts\/35252"}],"collection":[{"href":"https:\/\/blog.ilgiornale.it\/ruzzo\/wp-json\/wp\/v2\/posts"}],"about":[{"href":"https:\/\/blog.ilgiornale.it\/ruzzo\/wp-json\/wp\/v2\/types\/post"}],"author":[{"embeddable":true,"href":"https:\/\/blog.ilgiornale.it\/ruzzo\/wp-json\/wp\/v2\/users\/956"}],"replies":[{"embeddable":true,"href":"https:\/\/blog.ilgiornale.it\/ruzzo\/wp-json\/wp\/v2\/comments?post=35252"}],"version-history":[{"count":9,"href":"https:\/\/blog.ilgiornale.it\/ruzzo\/wp-json\/wp\/v2\/posts\/35252\/revisions"}],"predecessor-version":[{"id":35260,"href":"https:\/\/blog.ilgiornale.it\/ruzzo\/wp-json\/wp\/v2\/posts\/35252\/revisions\/35260"}],"wp:attachment":[{"href":"https:\/\/blog.ilgiornale.it\/ruzzo\/wp-json\/wp\/v2\/media?parent=35252"}],"wp:term":[{"taxonomy":"category","embeddable":true,"href":"https:\/\/blog.ilgiornale.it\/ruzzo\/wp-json\/wp\/v2\/categories?post=35252"},{"taxonomy":"post_tag","embeddable":true,"href":"https:\/\/blog.ilgiornale.it\/ruzzo\/wp-json\/wp\/v2\/tags?post=35252"}],"curies":[{"name":"wp","href":"https:\/\/api.w.org\/{rel}","templated":true}]}}