{"id":35268,"date":"2023-11-25T15:35:39","date_gmt":"2023-11-25T14:35:39","guid":{"rendered":"https:\/\/blog.ilgiornale.it\/ruzzo\/?p=35268"},"modified":"2023-11-25T15:35:39","modified_gmt":"2023-11-25T14:35:39","slug":"milano21-piu-di-8mila-al-via-della-mezza-maratona","status":"publish","type":"post","link":"https:\/\/blog.ilgiornale.it\/ruzzo\/2023\/11\/25\/milano21-piu-di-8mila-al-via-della-mezza-maratona\/","title":{"rendered":"Milano21: pi\u00f9 di 8mila al via della mezza maratona"},"content":{"rendered":"<p><a href=\"https:\/\/blog.ilgiornale.it\/ruzzo\/2023\/11\/25\/milano21-piu-di-8mila-al-via-della-mezza-maratona\/mi21\/\" rel=\"attachment wp-att-35269\"><img loading=\"lazy\" class=\"alignleft size-medium wp-image-35269\" src=\"https:\/\/blog.ilgiornale.it\/ruzzo\/files\/2023\/11\/mi21-205x300.jpg\" alt=\"\" width=\"205\" height=\"300\" srcset=\"https:\/\/blog.ilgiornale.it\/ruzzo\/files\/2023\/11\/mi21-205x300.jpg 205w, https:\/\/blog.ilgiornale.it\/ruzzo\/files\/2023\/11\/mi21.jpg 550w\" sizes=\"(max-width: 205px) 100vw, 205px\" \/><\/a>Sei anni fa nacque come tributo alla citt\u00e0 che pi\u00f9 di tutte in Italia ha fatto del running una propria bandiera di sostenibilit\u00e0 sociale e per dare la possibilit\u00e0 ancora una volta a migliaia di persone di vivere a ritmo di corsa la dimensione urbana di una grande capitale mondiale. La \u00abMilano 21\u00bb con i suoi percorsi puntava a segnare un legame forte tra lo spirito della tradizione di Milano, con i monumenti e il centro storico, e la modernit\u00e0, con i grattacieli della nuova skyline. Bella sfida. Che negli anni \u00e8 cresciuta cos\u00ec come i numeri di una mezza maratona che genera un indotto da oltre 6 milioni e che domattina alle 9 porter\u00e0 a correre in citt\u00e0 oltre 8mila appassionati. Milano in vetrina, basti pensare che saranno pi\u00f9 di 1.600 gli stranieri da settanta Paesi e conferma quanto questa citt\u00e0, che quest\u2019anno ha fatto segnare il record di oltre 7 milioni di turisti sia diventata ambita e desiderata. E gli organizzatori di <strong>Follow Your Passion<\/strong> provano a mettersi in scia con un progetto che punta a raggiungere i 10mila iscritti nei prossimi anni e con un evento che \u00e8 il fiore all\u2019occhiello della loro ampia proposta sportiva che va dal running, al triathlon al ciclismo: \u00ab\u00c8 stato un anno positivo soprattutto per i risultati ottenuti in termini di partecipazione \u2013 spiega il Presidente di MG Sport <strong>Giampiero Schiavo<\/strong> -. Tra le novit\u00e0 abbiamo aggiunto The Loop, un nuovo format dedicato al mondo corporate che vuole unire due mondi, quello amatoriale e quello aziendale\u00bb.\u00a0 Milano 21 non sar\u00e0 solo una \u00abmezza maratona\u00bb ma anche una 10km competitiva e una 10km non competitiva aperta a tutti per abbracciare tutto il mondo che ama correre. Tre giorni di eventi nell\u2019Expo Village di Milano21 al Mico-Allianz Mico \u2013 Fiera Milano Congressi; la possibilit\u00e0 di spogliatoi coperti; il pettorale solidale saranno tra le novit\u00e0 di una sfida che si correr\u00e0 tutta su un percorso cittadino: \u00abPartenza e arrivo saranno in via Arona, a due passi dal Velodromo Vigorelli &#8211; spiega il direttore eventi <strong>Luca Lamera<\/strong> -. Poi i grandi viali di circonvallazione che congiungono Porta Nuova, Porta Venezia e corso Venezia, Porta Vittoria, Porta Romana, Porta Lodovica, Porta Ticinese e Porta Vercellina. Si correr\u00e0 nel centro storico con il Duomo e il Castello Sforzesco, ma anche la Darsena, via Manzoni, via Senato, Corso Vittorio Emanuele II e poi con San Babila dritti fino a Porta Venezia. Inoltre il Parco Sempione a fare da traghettatore verso il nuovo quartiere di CityLife\u00bb. Milano21 chiude la stagione degli eventi di Follow your passion, un anno intenso che dall\u2019Urban trail di Bergamo al Triathlon di Chia in Sardegna a quello dell\u2019Idroscalo a Milano \u00e8 passato per la Gran fondo Montblanc di ciclismo e per la 12 ore di Monza ed altro ancora: \u00abLo sport, oltre a essere un mezzo per una vita sana e un veicolo di emozioni, \u00e8 anche un elemento che stimola il turismo, genera ricchezza ed \u00e8 un importante strumento di promozione territoriale- afferma<strong> Andrea Trabuio<\/strong> direttore generale MG Sport- E noi siamo davvero orgogliosi di partecipare attivamente a questo circolo virtuoso. Questo \u00e8 un risultato che ci d\u00e0 la carica giusta per fare sempre del nostro meglio, con l\u2019obiettivo di crescere ancora nelle prossime edizioni\u00bb.<\/p>\n","protected":false},"excerpt":{"rendered":"<p><p>Sei anni fa nacque come tributo alla citt\u00e0 che pi\u00f9 di tutte in Italia ha fatto del running una propria bandiera di sostenibilit\u00e0 sociale e per dare la possibilit\u00e0 ancora una volta a migliaia di persone di vivere a ritmo di corsa la dimensione urbana di una grande capitale mondiale. La \u00abMilano 21\u00bb con i suoi percorsi puntava a segnare un legame forte tra lo spirito della tradizione di Milano, con i monumenti e il centro storico, e la modernit\u00e0, con i grattacieli della nuova skyline. Bella sfida. Che negli anni \u00e8 cresciuta cos\u00ec come i numeri di una mezza [&hellip;]<\/p>\n&nbsp;&nbsp;<div class=\"readmore\"><a href=\"https:\/\/blog.ilgiornale.it\/ruzzo\/2023\/11\/25\/milano21-piu-di-8mila-al-via-della-mezza-maratona\/\">Continua a leggere...<\/a><\/div><\/p>","protected":false},"author":956,"featured_media":0,"comment_status":"open","ping_status":"closed","sticky":false,"template":"","format":"standard","meta":[],"categories":[1],"tags":[],"_links":{"self":[{"href":"https:\/\/blog.ilgiornale.it\/ruzzo\/wp-json\/wp\/v2\/posts\/35268"}],"collection":[{"href":"https:\/\/blog.ilgiornale.it\/ruzzo\/wp-json\/wp\/v2\/posts"}],"about":[{"href":"https:\/\/blog.ilgiornale.it\/ruzzo\/wp-json\/wp\/v2\/types\/post"}],"author":[{"embeddable":true,"href":"https:\/\/blog.ilgiornale.it\/ruzzo\/wp-json\/wp\/v2\/users\/956"}],"replies":[{"embeddable":true,"href":"https:\/\/blog.ilgiornale.it\/ruzzo\/wp-json\/wp\/v2\/comments?post=35268"}],"version-history":[{"count":2,"href":"https:\/\/blog.ilgiornale.it\/ruzzo\/wp-json\/wp\/v2\/posts\/35268\/revisions"}],"predecessor-version":[{"id":35271,"href":"https:\/\/blog.ilgiornale.it\/ruzzo\/wp-json\/wp\/v2\/posts\/35268\/revisions\/35271"}],"wp:attachment":[{"href":"https:\/\/blog.ilgiornale.it\/ruzzo\/wp-json\/wp\/v2\/media?parent=35268"}],"wp:term":[{"taxonomy":"category","embeddable":true,"href":"https:\/\/blog.ilgiornale.it\/ruzzo\/wp-json\/wp\/v2\/categories?post=35268"},{"taxonomy":"post_tag","embeddable":true,"href":"https:\/\/blog.ilgiornale.it\/ruzzo\/wp-json\/wp\/v2\/tags?post=35268"}],"curies":[{"name":"wp","href":"https:\/\/api.w.org\/{rel}","templated":true}]}}