{"id":36074,"date":"2024-04-29T16:19:12","date_gmt":"2024-04-29T14:19:12","guid":{"rendered":"https:\/\/blog.ilgiornale.it\/ruzzo\/?p=36074"},"modified":"2024-04-29T17:34:06","modified_gmt":"2024-04-29T15:34:06","slug":"trofei-di-milano-il-dello-sport","status":"publish","type":"post","link":"https:\/\/blog.ilgiornale.it\/ruzzo\/2024\/04\/29\/trofei-di-milano-il-dello-sport\/","title":{"rendered":"Trofei di Milano, il  &#8220;seme&#8221; dello sport"},"content":{"rendered":"<p><a href=\"https:\/\/blog.ilgiornale.it\/ruzzo\/2024\/04\/29\/trofei-di-milano-il-dello-sport\/tref\/\" rel=\"attachment wp-att-36075\"><img loading=\"lazy\" class=\"alignright size-medium wp-image-36075\" src=\"https:\/\/blog.ilgiornale.it\/ruzzo\/files\/2024\/04\/tref-300x115.jpg\" alt=\"\" width=\"300\" height=\"115\" srcset=\"https:\/\/blog.ilgiornale.it\/ruzzo\/files\/2024\/04\/tref-300x115.jpg 300w, https:\/\/blog.ilgiornale.it\/ruzzo\/files\/2024\/04\/tref-1024x393.jpg 1024w, https:\/\/blog.ilgiornale.it\/ruzzo\/files\/2024\/04\/tref-768x294.jpg 768w, https:\/\/blog.ilgiornale.it\/ruzzo\/files\/2024\/04\/tref.jpg 1320w\" sizes=\"(max-width: 300px) 100vw, 300px\" \/><\/a>Quella che andr\u00e0 in scena l\u20198, il 9 e il 10 maggio all\u2019Arena sar\u00e0 la sessantunesima edizione di una storia infinita di sport. Ma i<strong> \u00abTrofei di Milano\u00bb<\/strong> non sono solo una grande manifestazione sportiva che in tutti questi anni ha portato in pista oltre tre milioni e mezzo di giovanissimi studenti. Sono il \u00abseme\u00bb dello sport, quello del futuro, quello che verr\u00e0, pi\u00f9 un investimento culturale che agonistico. Perch\u00e8 in tutto questo tempo i Trofei sono entrati nelle scuole, hanno raccontato i buoni valori ai ragazzi, li hanno portati a correre, a saltare, a giocare, a divertirsi a dimenticarsi per qualche ora degli smartphone, in un certo senso a connettersi con la vita reale. Hanno insegnato loro il giusto piacere della fatica, della competizione, della lealt\u00e0 e del rispetto. Hanno spiegato ai giovanissimi, e pare che ce ne sia davvero tanto bisogno, che nella vita si pu\u00f2 vincere ma si pu\u00f2 anche perdere, che non \u00e8 un dramma, che si pu\u00f2 ricominciare a patto di sapersi rimboccare le maniche.<br \/>\nUn\u2019edizione da record la sessantunesima che ha coinvolto 42.300 ragazzi di 73 Scuole primarie e secondarie della Lombardia e del Veneto in un progetto formativo lungo un anno che fa parte del programma \u00abEducation Gen26\u00bb della Fondazione Fondazione Milano Cortina 2026. \u00abL\u2019obbiettivo e quello avvicinare i giovani all\u2019Olimpismo- spiega<strong> Franco Ascani,<\/strong> Membro della Commissione Cultura del Cio e padre dei Trofei- un passo fondamentale e necessario per far conoscere ai ragazzi i valori olimpici, la storia dei Giochi e per mettere le basi per una cultura sportiva diventi anche uno stile di vita\u00bb. Venerd\u00ec 10 Maggio il Ministro per lo Sport e i Giovani <strong>Andrea Abodi<\/strong> interverr\u00e0 alla Cerimonia di accensione del Tripode e saranno tre giorni di sport e di gare che coinvolgeranno le scuole finaliste. L\u2019epilogo di un anno di attivit\u00e0 formative che hanno visto studenti e prof partecipare con attivit\u00e0 didattiche su temi e approfondimenti olimpici e sportivi e che hanno registrato una significativa partecipazione con 23.600 elaborati. E poi le proiezioni interattive (\u00abL&#8217;Educazione all&#8217;Olimpismo attraverso le immagini\u00bb) che hanno potuto attingere tra gli oltre 30mila video storici della Piattaforma di SportmoviesTv e che hanno dimostrato che \u00ablo sport nella Scuola c\u2019\u00e8\u00bb con 347 classi partecipanti. Un lavoro enorme portato avanti dai Trofei in collaborazione con l\u2019Ufficio Scolastico Regionale per la Lombardia, l\u2019Aics milanese, Ficts Italia e le massime Istituzioni sportive, scolastiche ad amministrative della regione. Un lavoro che arriva nelle scuole dove anni fa c\u2019erano quei Giochi della Giovent\u00f9 che il ministro Andrea Abodi ha promesso pi\u00f9 volte di riorganizzare<\/p>\n","protected":false},"excerpt":{"rendered":"<p><p>Quella che andr\u00e0 in scena l\u20198, il 9 e il 10 maggio all\u2019Arena sar\u00e0 la sessantunesima edizione di una storia infinita di sport. Ma i \u00abTrofei di Milano\u00bb non sono solo una grande manifestazione sportiva che in tutti questi anni ha portato in pista oltre tre milioni e mezzo di giovanissimi studenti. Sono il \u00abseme\u00bb dello sport, quello del futuro, quello che verr\u00e0, pi\u00f9 un investimento culturale che agonistico. Perch\u00e8 in tutto questo tempo i Trofei sono entrati nelle scuole, hanno raccontato i buoni valori ai ragazzi, li hanno portati a correre, a saltare, a giocare, a divertirsi a dimenticarsi [&hellip;]<\/p>\n&nbsp;&nbsp;<div class=\"readmore\"><a href=\"https:\/\/blog.ilgiornale.it\/ruzzo\/2024\/04\/29\/trofei-di-milano-il-dello-sport\/\">Continua a leggere...<\/a><\/div><\/p>","protected":false},"author":956,"featured_media":0,"comment_status":"open","ping_status":"closed","sticky":false,"template":"","format":"standard","meta":[],"categories":[1],"tags":[],"_links":{"self":[{"href":"https:\/\/blog.ilgiornale.it\/ruzzo\/wp-json\/wp\/v2\/posts\/36074"}],"collection":[{"href":"https:\/\/blog.ilgiornale.it\/ruzzo\/wp-json\/wp\/v2\/posts"}],"about":[{"href":"https:\/\/blog.ilgiornale.it\/ruzzo\/wp-json\/wp\/v2\/types\/post"}],"author":[{"embeddable":true,"href":"https:\/\/blog.ilgiornale.it\/ruzzo\/wp-json\/wp\/v2\/users\/956"}],"replies":[{"embeddable":true,"href":"https:\/\/blog.ilgiornale.it\/ruzzo\/wp-json\/wp\/v2\/comments?post=36074"}],"version-history":[{"count":3,"href":"https:\/\/blog.ilgiornale.it\/ruzzo\/wp-json\/wp\/v2\/posts\/36074\/revisions"}],"predecessor-version":[{"id":36081,"href":"https:\/\/blog.ilgiornale.it\/ruzzo\/wp-json\/wp\/v2\/posts\/36074\/revisions\/36081"}],"wp:attachment":[{"href":"https:\/\/blog.ilgiornale.it\/ruzzo\/wp-json\/wp\/v2\/media?parent=36074"}],"wp:term":[{"taxonomy":"category","embeddable":true,"href":"https:\/\/blog.ilgiornale.it\/ruzzo\/wp-json\/wp\/v2\/categories?post=36074"},{"taxonomy":"post_tag","embeddable":true,"href":"https:\/\/blog.ilgiornale.it\/ruzzo\/wp-json\/wp\/v2\/tags?post=36074"}],"curies":[{"name":"wp","href":"https:\/\/api.w.org\/{rel}","templated":true}]}}