{"id":36090,"date":"2024-04-30T22:46:08","date_gmt":"2024-04-30T20:46:08","guid":{"rendered":"https:\/\/blog.ilgiornale.it\/ruzzo\/?p=36090"},"modified":"2024-04-30T22:46:08","modified_gmt":"2024-04-30T20:46:08","slug":"sagan-al-bike-festival-di-riva-una-finestra-su-mtb-e-gravel","status":"publish","type":"post","link":"https:\/\/blog.ilgiornale.it\/ruzzo\/2024\/04\/30\/sagan-al-bike-festival-di-riva-una-finestra-su-mtb-e-gravel\/","title":{"rendered":"Sagan al Bike Festival di Riva: una finestra su Mtb e gravel"},"content":{"rendered":"<p><a href=\"https:\/\/blog.ilgiornale.it\/ruzzo\/2024\/04\/30\/sagan-al-bike-festival-di-riva-una-finestra-su-mtb-e-gravel\/sag-5\/\" rel=\"attachment wp-att-36091\"><img loading=\"lazy\" class=\"alignleft size-medium wp-image-36091\" src=\"https:\/\/blog.ilgiornale.it\/ruzzo\/files\/2024\/04\/sag-250x300.jpg\" alt=\"\" width=\"250\" height=\"300\" srcset=\"https:\/\/blog.ilgiornale.it\/ruzzo\/files\/2024\/04\/sag-250x300.jpg 250w, https:\/\/blog.ilgiornale.it\/ruzzo\/files\/2024\/04\/sag.jpg 589w\" sizes=\"(max-width: 250px) 100vw, 250px\" \/><\/a>Sar\u00e0 <strong>Peter Sagan<\/strong> l&#8217;ospite d&#8217;onore che aprir\u00e0 il <strong>Bike Festival di Riva<\/strong> del Garda che , dal 2 al 5 maggio, aprir\u00e0 un grande finestra sul mondo che ruota intorno alla mountainbike e alla gravel. Ad annunciarlo sono gli organizzatori di <strong>FSA Bike Festival<\/strong> che riportano il tre volte campione del mondo su strada al primo amore, quello delle ruote grasse. Sagan sar\u00e0 anche al via della <strong>\u00a0Specialized Bike Marathon<\/strong> che si correr\u00e0 sabato 4 maggio. &#8220;Con la partecipazione di Peter abbiamo a bordo un atleta davvero molto speciale\u00a0\u2013 commenta\u00a0<strong>Stefan Schowalter<\/strong>, Event Manager Specialized Germany \u2013 \u00e8 stato a lungo un&#8217;icona nel mondo delle bici da strada e ora gareggia in mountain bike, cosa che molti vedranno sicuramente come una sfida. Attendiamo il weekend con grande trepidazione&#8230;&#8221;. E sar\u00e0 un week end lunghissimo quelle trentino organizzato <strong>per la prima volta dall&#8217;Apt Garda Dolomiti. <\/strong>Arrivato alla trentesima edizione promette agli appassionati delle bici da monragna non solo un ricco calendario di eventi, seminari, incontri\u00a0 ma anche nuovissimi tour e tracciati dove testare le bici in esposizione. Oltre ai tour guidati di pi\u00f9 ore, FSA Bike Festival offrir\u00e0 tre emozionanti test trail. Il nuovo <strong>Leogang Expo Area Test Trail<\/strong>, nel Parco Miralago, invita i ciclisti a cimentarsi con tante situazioni che solitamente si trovano sui trail in montagna: rock garden, radici, sassi, pump, paraboliche, curve strette, balance, teeter &#8211; totter e molto altro. Per coloro che cercano una discesa un po&#8217; pi\u00f9 lunga, l&#8217;<strong>Easy Test Trail\u00a0<\/strong>\u00e8 un tracciato semplice che attraversa pittoreschi uliveti e tranquille strade secondarie senza significative sfide tecniche. L\u2019Easy Test Trail, inoltre, con pendenze fino al 30%, \u00e8 ideale per testare le prestazioni delle eMTB. Ultimo, ma non meno importante, \u00e8 il leggendario\u00a0<strong>Brione Test Trail<\/strong>: questo noto percorso si snoda attraverso l&#8217;affascinante paesaggio del Monte Brione, sulla sponda settentrionale del Lago di\u00a0<span class=\"mark1ku07zvrj\" data-markjs=\"true\" data-ogac=\"\" data-ogab=\"\" data-ogsc=\"\" data-ogsb=\"\">Garda<\/span>, attraversando uliveti e offrendo un piacevole mix di natura e panorami indimenticabili. L&#8217;evento sportivo principale sar\u00e0 la\u00a0<strong>Bike Marathon<\/strong>: il 4 maggio con partenza alle 7:30 nel centro storico di Riva, si svolger\u00e0\u00a0 in tre diversi percorsi (30 km con mille metri di dislivello, 60 km con 2400 metri di dislivello, 82 km e 3400 metri di dislivello). L&#8217;anno scorso il festival ha visto la presenza di 70mila visitatori\u00a0 e gli organizzatori sperano di confermare il successo: \u00abL&#8217;area espositiva \u00e8 arrivata a superare i 30 mila metri quadrati- spiega la responsabile evento\u00a0<strong>Antonella Emanuelli- <\/strong>saranno presenti pi\u00f9 di 250 aziende, pi\u00f9 di 350 brand, circa 1500 mountain bike a disposizione per i test\u00bb, \u00a0Grande attenzione anche alla sostenibilit\u00e0. La 30\u00aa edizione del FSA Bike Festival sar\u00e0 infatti\u00a0 caratterizzata dalla certificazione 100% energia pulita. Per l\u2019Area Expo verr\u00e0 fornita da Dolomiti Energia solo energia idroelettrica pulita e sostenibile e tutto lo smaltimento dei rifiuti sar\u00e0 organizzato in base a un sistema di raccolta differenziata. Non solo.\u00a0<b> <\/b>Tutti gli allestimenti saranno realizzati con strutture gi\u00e0 utilizzate per altri eventi, in legno e in metallo, riadattate semplicemente dal punto di vista grafico e il\u00a0 merchandising brandizzato Bike Festival\u00a0 presenta un abbigliamento tecnico realizzato con filati riciclati e riciclabili, cotone organico e polietilene biodegradabile, nonch\u00e9 borracce in plastica riciclata e riciclabile. Infine le mobilit\u00e0: l a partnership con Auto Industriale Mobility Group, infine, permetter\u00e0 di utilizzare una flotta di sole auto elettriche.<\/p>\n","protected":false},"excerpt":{"rendered":"<p><p>Sar\u00e0 Peter Sagan l&#8217;ospite d&#8217;onore che aprir\u00e0 il Bike Festival di Riva del Garda che , dal 2 al 5 maggio, aprir\u00e0 un grande finestra sul mondo che ruota intorno alla mountainbike e alla gravel. Ad annunciarlo sono gli organizzatori di FSA Bike Festival che riportano il tre volte campione del mondo su strada al primo amore, quello delle ruote grasse. Sagan sar\u00e0 anche al via della \u00a0Specialized Bike Marathon che si correr\u00e0 sabato 4 maggio. &#8220;Con la partecipazione di Peter abbiamo a bordo un atleta davvero molto speciale\u00a0\u2013 commenta\u00a0Stefan Schowalter, Event Manager Specialized Germany \u2013 \u00e8 stato a lungo [&hellip;]<\/p>\n&nbsp;&nbsp;<div class=\"readmore\"><a href=\"https:\/\/blog.ilgiornale.it\/ruzzo\/2024\/04\/30\/sagan-al-bike-festival-di-riva-una-finestra-su-mtb-e-gravel\/\">Continua a leggere...<\/a><\/div><\/p>","protected":false},"author":956,"featured_media":0,"comment_status":"open","ping_status":"closed","sticky":false,"template":"","format":"standard","meta":[],"categories":[1],"tags":[],"_links":{"self":[{"href":"https:\/\/blog.ilgiornale.it\/ruzzo\/wp-json\/wp\/v2\/posts\/36090"}],"collection":[{"href":"https:\/\/blog.ilgiornale.it\/ruzzo\/wp-json\/wp\/v2\/posts"}],"about":[{"href":"https:\/\/blog.ilgiornale.it\/ruzzo\/wp-json\/wp\/v2\/types\/post"}],"author":[{"embeddable":true,"href":"https:\/\/blog.ilgiornale.it\/ruzzo\/wp-json\/wp\/v2\/users\/956"}],"replies":[{"embeddable":true,"href":"https:\/\/blog.ilgiornale.it\/ruzzo\/wp-json\/wp\/v2\/comments?post=36090"}],"version-history":[{"count":2,"href":"https:\/\/blog.ilgiornale.it\/ruzzo\/wp-json\/wp\/v2\/posts\/36090\/revisions"}],"predecessor-version":[{"id":36093,"href":"https:\/\/blog.ilgiornale.it\/ruzzo\/wp-json\/wp\/v2\/posts\/36090\/revisions\/36093"}],"wp:attachment":[{"href":"https:\/\/blog.ilgiornale.it\/ruzzo\/wp-json\/wp\/v2\/media?parent=36090"}],"wp:term":[{"taxonomy":"category","embeddable":true,"href":"https:\/\/blog.ilgiornale.it\/ruzzo\/wp-json\/wp\/v2\/categories?post=36090"},{"taxonomy":"post_tag","embeddable":true,"href":"https:\/\/blog.ilgiornale.it\/ruzzo\/wp-json\/wp\/v2\/tags?post=36090"}],"curies":[{"name":"wp","href":"https:\/\/api.w.org\/{rel}","templated":true}]}}