{"id":3788,"date":"2012-02-01T10:45:47","date_gmt":"2012-02-01T09:45:47","guid":{"rendered":"https:\/\/blog.ilgiornale.it\/ruzzo\/?p=3788"},"modified":"2012-02-01T11:03:47","modified_gmt":"2012-02-01T10:03:47","slug":"da-roma-a-milano-20-maratone-di-fila-per-aiutare-la-ricerca-contro-il-cancro","status":"publish","type":"post","link":"https:\/\/blog.ilgiornale.it\/ruzzo\/2012\/02\/01\/da-roma-a-milano-20-maratone-di-fila-per-aiutare-la-ricerca-contro-il-cancro\/","title":{"rendered":"Da Roma a Milano: 20 maratone di fila per aiutare la ricerca contro il cancro"},"content":{"rendered":"<p><a href=\"https:\/\/blog.ilgiornale.it\/ruzzo\/files\/2012\/02\/185448_208671979181597_208228892559239_550094_2582735_n.jpg\"><img loading=\"lazy\" class=\"alignright size-medium wp-image-3848\" src=\"https:\/\/blog.ilgiornale.it\/ruzzo\/files\/2012\/02\/185448_208671979181597_208228892559239_550094_2582735_n-300x231.jpg\" alt=\"\" width=\"168\" height=\"130\" \/><\/a><a href=\"https:\/\/blog.ilgiornale.it\/ruzzo\/files\/2012\/02\/403747_301430823239045_208228892559239_824106_889393296_n.jpg\"><img loading=\"lazy\" class=\"alignright size-medium wp-image-3849\" src=\"https:\/\/blog.ilgiornale.it\/ruzzo\/files\/2012\/02\/403747_301430823239045_208228892559239_824106_889393296_n-294x300.jpg\" alt=\"\" width=\"165\" height=\"168\" \/><\/a><a href=\"https:\/\/blog.ilgiornale.it\/ruzzo\/files\/2012\/02\/315829_251903884858406_208228892559239_689289_1170905884_n.jpg\"><img loading=\"lazy\" class=\"alignright size-medium wp-image-3850\" src=\"https:\/\/blog.ilgiornale.it\/ruzzo\/files\/2012\/02\/315829_251903884858406_208228892559239_689289_1170905884_n-200x300.jpg\" alt=\"\" width=\"112\" height=\"168\" srcset=\"https:\/\/blog.ilgiornale.it\/ruzzo\/files\/2012\/02\/315829_251903884858406_208228892559239_689289_1170905884_n-200x300.jpg 200w, https:\/\/blog.ilgiornale.it\/ruzzo\/files\/2012\/02\/315829_251903884858406_208228892559239_689289_1170905884_n.jpg 300w\" sizes=\"(max-width: 112px) 100vw, 112px\" \/><\/a>Venti maratone in 29 giorni che legheranno dopo pi\u00f9 di 800 chilometri Roma a Milano. Non \u00e8 un record ma \u00e8 comunque una bella sfida. Un&#8217;impresa che metter\u00e0 a dura prova la resistenza, la testa e gambe di un\u00a0trentenne italiano ormai trapiantato in Astralia. Una lunga corsa che per\u00f2 non \u00e8\u00a0 \u00e8 fine a se stessa ma servir\u00e0 a\u00a0raccogliere fondi a favore della lotta al cancro. <strong>Luca Turrini<\/strong> \u00e8 il protagonista di\u00a0<strong>\u2019Outrunacancer\u2019<\/strong> \u00a0(<a href=\"http:\/\/www.outruncancer.com\/\">www.outruncancer.com<\/a>) e partir\u00e0 dalla prissima <strong>maratona di Roma<\/strong> il 18 marzo per proseguire poi con altri percorsi anche non ufficiali dal Nord a Sud dello stivale, e chiudere gli 844 km totali dell\u2019impresa il 15 aprile con la<strong> maratona di Milano<\/strong>. Turrini, trentenne, residente in Australia da tre anni, ma originario della Provincia di Verona, correr\u00e0 con il solo pensiero di sensibilizzare gli appassionati della corsa e non alla battaglia contro le neoplasie. Raccogliendo fondi per la <strong>\u2019Cancer Council Australia Nsw\u2019.<\/strong> Un ente che aiuta i pazienti colpiti dal cancro. \u00a0\u00abLa scelta della donazione del 100% dei ricavati dell\u2019evento ad un\u2019 associazione non italiana per la ricerca contro il cancro &#8211; ha spiegato l\u2019atleta all\u2019Adnkronos Salute, che ha perso la madre colpita da un tumore &#8211; \u00e8 stata sostanzialmente imposta dall\u2019indisponibilit\u00e0 da parte delle maggiori associazioni italiane, Airc e Lilt, di ricevere le donazioni&#8221;.\u00a0 Ma gli intoppi burocratici non l&#8217;hammo fermato. Turrini non cerca record. Si \u00e8\u00a0\u00e8 preparato per correre pi\u00f9 di 800 chilometri in meno di un mese ma ci\u00f2 che pi\u00f9 gli importa \u00e8 coinvolgere la gente che trover\u00e0 ai traguardi delle maratone e sulla strada. Coinvolgerla \u00a0e soprattutto convincerla a donare. E i giorni di riposo saranno dedicati proprio a\u00a0 questo. Ora in attesa di partire la \u00a0sfida pi\u00f9 difficile per il giovane maratoneta \u00e8 quella contro se stesso ei propri limiti fisici\u00a0 visto che nelle gambe ha quasi 4mila km percorsi negli 11 mesi di allenamenti finalizzati\u00a0a migliorare la\u00a0 resistenza. La parola d&#8217;ordine \u00e8 quindi &#8220;recupero&#8221;.<\/p>\n","protected":false},"excerpt":{"rendered":"<p><p>Venti maratone in 29 giorni che legheranno dopo pi\u00f9 di 800 chilometri Roma a Milano. Non \u00e8 un record ma \u00e8 comunque una bella sfida. Un&#8217;impresa che metter\u00e0 a dura prova la resistenza, la testa e gambe di un\u00a0trentenne italiano ormai trapiantato in Astralia. Una lunga corsa che per\u00f2 non \u00e8\u00a0 \u00e8 fine a se stessa ma servir\u00e0 a\u00a0raccogliere fondi a favore della lotta al cancro. Luca Turrini \u00e8 il protagonista di\u00a0\u2019Outrunacancer\u2019 \u00a0(www.outruncancer.com) e partir\u00e0 dalla prissima maratona di Roma il 18 marzo per proseguire poi con altri percorsi anche non ufficiali dal Nord a Sud dello stivale, e chiudere [&hellip;]<\/p>\n&nbsp;&nbsp;<div class=\"readmore\"><a href=\"https:\/\/blog.ilgiornale.it\/ruzzo\/2012\/02\/01\/da-roma-a-milano-20-maratone-di-fila-per-aiutare-la-ricerca-contro-il-cancro\/\">Continua a leggere...<\/a><\/div><\/p>","protected":false},"author":956,"featured_media":0,"comment_status":"open","ping_status":"closed","sticky":false,"template":"","format":"standard","meta":[],"categories":[1],"tags":[8509,3383,8511,249,8510],"_links":{"self":[{"href":"https:\/\/blog.ilgiornale.it\/ruzzo\/wp-json\/wp\/v2\/posts\/3788"}],"collection":[{"href":"https:\/\/blog.ilgiornale.it\/ruzzo\/wp-json\/wp\/v2\/posts"}],"about":[{"href":"https:\/\/blog.ilgiornale.it\/ruzzo\/wp-json\/wp\/v2\/types\/post"}],"author":[{"embeddable":true,"href":"https:\/\/blog.ilgiornale.it\/ruzzo\/wp-json\/wp\/v2\/users\/956"}],"replies":[{"embeddable":true,"href":"https:\/\/blog.ilgiornale.it\/ruzzo\/wp-json\/wp\/v2\/comments?post=3788"}],"version-history":[{"count":9,"href":"https:\/\/blog.ilgiornale.it\/ruzzo\/wp-json\/wp\/v2\/posts\/3788\/revisions"}],"predecessor-version":[{"id":3846,"href":"https:\/\/blog.ilgiornale.it\/ruzzo\/wp-json\/wp\/v2\/posts\/3788\/revisions\/3846"}],"wp:attachment":[{"href":"https:\/\/blog.ilgiornale.it\/ruzzo\/wp-json\/wp\/v2\/media?parent=3788"}],"wp:term":[{"taxonomy":"category","embeddable":true,"href":"https:\/\/blog.ilgiornale.it\/ruzzo\/wp-json\/wp\/v2\/categories?post=3788"},{"taxonomy":"post_tag","embeddable":true,"href":"https:\/\/blog.ilgiornale.it\/ruzzo\/wp-json\/wp\/v2\/tags?post=3788"}],"curies":[{"name":"wp","href":"https:\/\/api.w.org\/{rel}","templated":true}]}}