{"id":38247,"date":"2025-06-22T19:10:15","date_gmt":"2025-06-22T17:10:15","guid":{"rendered":"https:\/\/blog.ilgiornale.it\/ruzzo\/?p=38247"},"modified":"2025-06-22T19:58:52","modified_gmt":"2025-06-22T17:58:52","slug":"i-sogni-si-avverano-giorgia-priarone-vince-il-mondiale-di-duathlon","status":"publish","type":"post","link":"https:\/\/blog.ilgiornale.it\/ruzzo\/2025\/06\/22\/i-sogni-si-avverano-giorgia-priarone-vince-il-mondiale-di-duathlon\/","title":{"rendered":"I sogni si avverano: Giorgia Priarone vince il mondiale di duathlon"},"content":{"rendered":"<p><a href=\"https:\/\/blog.ilgiornale.it\/ruzzo\/2025\/06\/22\/i-sogni-si-avverano-giorgia-priarone-vince-il-mondiale-di-duathlon\/priarone\/\" rel=\"attachment wp-att-38248\"><img loading=\"lazy\" class=\"alignleft size-medium wp-image-38248\" src=\"https:\/\/blog.ilgiornale.it\/ruzzo\/files\/2025\/06\/priarone-225x300.jpeg\" alt=\"\" width=\"225\" height=\"300\" srcset=\"https:\/\/blog.ilgiornale.it\/ruzzo\/files\/2025\/06\/priarone-225x300.jpeg 225w, https:\/\/blog.ilgiornale.it\/ruzzo\/files\/2025\/06\/priarone-767x1024.jpeg 767w, https:\/\/blog.ilgiornale.it\/ruzzo\/files\/2025\/06\/priarone-768x1025.jpeg 768w, https:\/\/blog.ilgiornale.it\/ruzzo\/files\/2025\/06\/priarone-1151x1536.jpeg 1151w, https:\/\/blog.ilgiornale.it\/ruzzo\/files\/2025\/06\/priarone.jpeg 1420w\" sizes=\"(max-width: 225px) 100vw, 225px\" \/><\/a>Oro un paio di giorni fa, bronzo oggi nella staffetta mista: &#8220;Noi che facciamo triathlon spesso sogniamo in grande&#8230;&#8221;\u00a0 aveva detto <strong>Giorgia Priarone<\/strong> qualche mese fa rispondendo alle domande di <strong>Fabio D&#8217;Annunzio<\/strong> che la intervistava per <em>Triathlete<\/em>. Ed era stata ottima profeta. &#8220;Il mio grande amore resta il duathlon e , anche se in questi ultimi tempi, l&#8217;ho un po&#8217; accantonato per dedicarmi alle distanze lunghe della Pro-Series, quest&#8217;anno vorrei provare\u00a0 ripensare a\u00a0 qualche gara. Ne parler\u00f2 con il mio allenatore e vedremo, magari un campionato italiano, magari un mondiale&#8230;&#8221;. Gi\u00e0 magari. E allora se \u00e8 vero che bisogna sempre sognare in grande \u00e8 anche vero che spesso, per fortuna, i sogni s&#8217;avverano anche se mai per caso perch\u00e8 bisogna crederci. Due giorni fa in Spagna a Pontevedra, nel Nord Ovest in Galizia,\u00a0<strong> Giorgia Priarone<\/strong>\u00a0 ha vinto i mondiali di Duathlon, che non \u00e8 un sogno ma una fantastica realt\u00e0. Nel <strong>\u00a0World Triathlon Multisport Championships<\/strong>, la trentatreenne tesserata <strong>G.S. Aragno<\/strong> ha chiuso i 5 km di corsa,\u00a0 i\u00a0 30 km di bici su 5 giri e di nuovo i gli ultimi 5 km di corsa in 01:24:40, precedendo la spagnola Mar\u00eda Varo Zubiri e la francese Camille Laurent.\u00a0 Un testa a testa che si e deciso solo nel finale quando, prima di entrare nella pista che ospitava il traguardo, l&#8217;azzurra sembrava aver perso una decina di metri dalla spagnola. Pochi attimi perch\u00e8 poi \u00e8 rientrata ed \u00e8 riuscita a mettersela alle spalle con un allungo che non ha ammesso repliche. Gioia al traguardo, ovviamente. Per lei che, sempre nel duathlon \u00e8 gi\u00e0 stata campionessa europea e per tutta la spedizione azzurra che in questi primi giorni di gare ha collezionato anche due argenti Under 23\u00a0 con Noemi Bogiatto del Cuneo 1198 e con Davide Menichelli del K3 e un argento con Licia Ferrari (K3 Cremona) e un bronzo con Emiliano Tassinari (Cesena Triathlon) nella categoria junior.\u00a0 E visto che, come diceva William Shakespeare\u00a0 &#8220;Siamo fatti della stessa sostanza dei sogni&#8230;&#8221; i sogni bisogna continuare a rincorrerli anche dopo una vittoria, dopo una medaglia, dopo un oro.\u00a0 Cosa che Giorgia Priarone\u00a0 e Samuele Angelini (Fiamme Oro) hanno fatto oggi nella staffetta mista che li ha visti conquistare un bronzo con in 01:08:13 alle spalle delle due squadre francesi.<\/p>\n<p>&nbsp;<\/p>\n","protected":false},"excerpt":{"rendered":"<p><p>Oro un paio di giorni fa, bronzo oggi nella staffetta mista: &#8220;Noi che facciamo triathlon spesso sogniamo in grande&#8230;&#8221;\u00a0 aveva detto Giorgia Priarone qualche mese fa rispondendo alle domande di Fabio D&#8217;Annunzio che la intervistava per Triathlete. Ed era stata ottima profeta. &#8220;Il mio grande amore resta il duathlon e , anche se in questi ultimi tempi, l&#8217;ho un po&#8217; accantonato per dedicarmi alle distanze lunghe della Pro-Series, quest&#8217;anno vorrei provare\u00a0 ripensare a\u00a0 qualche gara. Ne parler\u00f2 con il mio allenatore e vedremo, magari un campionato italiano, magari un mondiale&#8230;&#8221;. Gi\u00e0 magari. E allora se \u00e8 vero che bisogna sempre [&hellip;]<\/p>\n&nbsp;&nbsp;<div class=\"readmore\"><a href=\"https:\/\/blog.ilgiornale.it\/ruzzo\/2025\/06\/22\/i-sogni-si-avverano-giorgia-priarone-vince-il-mondiale-di-duathlon\/\">Continua a leggere...<\/a><\/div><\/p>","protected":false},"author":956,"featured_media":0,"comment_status":"open","ping_status":"closed","sticky":false,"template":"","format":"standard","meta":[],"categories":[1],"tags":[],"_links":{"self":[{"href":"https:\/\/blog.ilgiornale.it\/ruzzo\/wp-json\/wp\/v2\/posts\/38247"}],"collection":[{"href":"https:\/\/blog.ilgiornale.it\/ruzzo\/wp-json\/wp\/v2\/posts"}],"about":[{"href":"https:\/\/blog.ilgiornale.it\/ruzzo\/wp-json\/wp\/v2\/types\/post"}],"author":[{"embeddable":true,"href":"https:\/\/blog.ilgiornale.it\/ruzzo\/wp-json\/wp\/v2\/users\/956"}],"replies":[{"embeddable":true,"href":"https:\/\/blog.ilgiornale.it\/ruzzo\/wp-json\/wp\/v2\/comments?post=38247"}],"version-history":[{"count":5,"href":"https:\/\/blog.ilgiornale.it\/ruzzo\/wp-json\/wp\/v2\/posts\/38247\/revisions"}],"predecessor-version":[{"id":38253,"href":"https:\/\/blog.ilgiornale.it\/ruzzo\/wp-json\/wp\/v2\/posts\/38247\/revisions\/38253"}],"wp:attachment":[{"href":"https:\/\/blog.ilgiornale.it\/ruzzo\/wp-json\/wp\/v2\/media?parent=38247"}],"wp:term":[{"taxonomy":"category","embeddable":true,"href":"https:\/\/blog.ilgiornale.it\/ruzzo\/wp-json\/wp\/v2\/categories?post=38247"},{"taxonomy":"post_tag","embeddable":true,"href":"https:\/\/blog.ilgiornale.it\/ruzzo\/wp-json\/wp\/v2\/tags?post=38247"}],"curies":[{"name":"wp","href":"https:\/\/api.w.org\/{rel}","templated":true}]}}