{"id":38376,"date":"2025-07-20T20:41:11","date_gmt":"2025-07-20T18:41:11","guid":{"rendered":"https:\/\/blog.ilgiornale.it\/ruzzo\/?p=38376"},"modified":"2025-07-20T21:02:24","modified_gmt":"2025-07-20T19:02:24","slug":"wout-non-lo-sa-ma-ci-sposiamo-alaphilippe-si-scusa-con-la-tifosa","status":"publish","type":"post","link":"https:\/\/blog.ilgiornale.it\/ruzzo\/2025\/07\/20\/wout-non-lo-sa-ma-ci-sposiamo-alaphilippe-si-scusa-con-la-tifosa\/","title":{"rendered":"&#8220;Wout non lo sa ma ci sposiamo&#8221;. Alaphilippe si scusa con la tifosa&#8230;"},"content":{"rendered":"<p><a href=\"https:\/\/blog.ilgiornale.it\/ruzzo\/2025\/07\/20\/wout-non-lo-sa-ma-ci-sposiamo-alaphilippe-si-scusa-con-la-tifosa\/522966325_669719992764028_3766133286936188807_n\/\" rel=\"attachment wp-att-38377\"><img loading=\"lazy\" class=\"alignleft size-medium wp-image-38377\" src=\"https:\/\/blog.ilgiornale.it\/ruzzo\/files\/2025\/07\/522966325_669719992764028_3766133286936188807_n-256x300.jpg\" alt=\"\" width=\"256\" height=\"300\" srcset=\"https:\/\/blog.ilgiornale.it\/ruzzo\/files\/2025\/07\/522966325_669719992764028_3766133286936188807_n-256x300.jpg 256w, https:\/\/blog.ilgiornale.it\/ruzzo\/files\/2025\/07\/522966325_669719992764028_3766133286936188807_n-874x1024.jpg 874w, https:\/\/blog.ilgiornale.it\/ruzzo\/files\/2025\/07\/522966325_669719992764028_3766133286936188807_n-768x900.jpg 768w, https:\/\/blog.ilgiornale.it\/ruzzo\/files\/2025\/07\/522966325_669719992764028_3766133286936188807_n.jpg 1080w\" sizes=\"(max-width: 256px) 100vw, 256px\" \/><\/a>Pioveva e faceva freddo ieri sul Tourmalet. E cos\u00ec <strong>Julian Alaphilippe,<\/strong> preoccupato dai tanti chilometri che ancora mancavano al traguardo di Luchon Superbagneres non ci ha pensato due volte: ha strappato di mano\u00a0 un cartonato che sorreggeva una tifosa di Wout van Aert, l&#8217;ha fatto a pezzi e poi se l&#8217;\u00e8 messo sul torace per proteggersi dal freddo. Cos\u00ec si faceva una volta, cos\u00ec si usavano un tempo i giornali quando ancora non esistevano le mantelline in fibra che si stringono in un palmo. E cos\u00ec funziona ancora oggi quando non si ha tempo di aspettare l&#8217;ammiraglia o pi\u00f9 semplicemente quando la mantellina non c&#8217;\u00e8. Va detto, Alaphilippe non \u00e8 stato un signore.\u00a0 Non l&#8217;ha neppure letto quel cartello, non ha forse neppure visto in viso la ragazza con la maglia a pois che non vedeva l&#8217;ora di mostrarlo al suo campione e che tutto si aspettava tranne che il francese glielo portasse via. E infatti s&#8217;\u00e8 visto che c&#8217;\u00e8 rimasta male, s&#8217;\u00e8 visto che era sorpresa, che ha accennato ad inseguirlo ma ormai il cartone era volato via col francese verso la cima del Tourmalet. Alaphilippe non si \u00e8 ben reso conto dello sgarbo. O forse non del tutto, tant&#8217;\u00e8 che quando gli operatori in moto della tv francese lo hanno inquadrato intento a coprirsi ha mostrato sorridente alle telecamere un bel pollice alzato per dire: &#8220;tutto ok, ora posso fare tranquillo la discesa, problema risolto&#8230;&#8221;. Poi per\u00f2 le salite passano, le discese pure, la fatica svanisce dopo una bella doccia calda e un massaggio e in hotel qualcuno deve aver fatto notare al campione francese che quella povera ragazza, ripresa in mondovisione, non c&#8217;era rimasta benissimo, che non era stata una bella scena, che forse era il caso di fare qualcosa. E allora lo staff della Tudor s&#8217;\u00e8 dato da fare, l&#8217;hanno rintracciata e stamattina alla partenza sono arrivate le scuse con tanto di foto con Van Aert. C&#8217;era anche il cartello strappato, ci\u00f2 che era rimasto del cartello strappato. C&#8217;era scritto: &#8220;Wout ancora non lo sa, ma ci sposiamo&#8230;&#8221;. Che non succeder\u00e0, che resta un sogno volato via sulle rampe del Tournalet, che vale per quel che vale. Ma Alaphilippe qui non c&#8217;entra nulla&#8230;<\/p>\n<p>&nbsp;<\/p>\n<p>&nbsp;<\/p>\n","protected":false},"excerpt":{"rendered":"<p><p>Pioveva e faceva freddo ieri sul Tourmalet. E cos\u00ec Julian Alaphilippe, preoccupato dai tanti chilometri che ancora mancavano al traguardo di Luchon Superbagneres non ci ha pensato due volte: ha strappato di mano\u00a0 un cartonato che sorreggeva una tifosa di Wout van Aert, l&#8217;ha fatto a pezzi e poi se l&#8217;\u00e8 messo sul torace per proteggersi dal freddo. Cos\u00ec si faceva una volta, cos\u00ec si usavano un tempo i giornali quando ancora non esistevano le mantelline in fibra che si stringono in un palmo. E cos\u00ec funziona ancora oggi quando non si ha tempo di aspettare l&#8217;ammiraglia o pi\u00f9 semplicemente [&hellip;]<\/p>\n&nbsp;&nbsp;<div class=\"readmore\"><a href=\"https:\/\/blog.ilgiornale.it\/ruzzo\/2025\/07\/20\/wout-non-lo-sa-ma-ci-sposiamo-alaphilippe-si-scusa-con-la-tifosa\/\">Continua a leggere...<\/a><\/div><\/p>","protected":false},"author":956,"featured_media":0,"comment_status":"open","ping_status":"closed","sticky":false,"template":"","format":"standard","meta":[],"categories":[1],"tags":[],"_links":{"self":[{"href":"https:\/\/blog.ilgiornale.it\/ruzzo\/wp-json\/wp\/v2\/posts\/38376"}],"collection":[{"href":"https:\/\/blog.ilgiornale.it\/ruzzo\/wp-json\/wp\/v2\/posts"}],"about":[{"href":"https:\/\/blog.ilgiornale.it\/ruzzo\/wp-json\/wp\/v2\/types\/post"}],"author":[{"embeddable":true,"href":"https:\/\/blog.ilgiornale.it\/ruzzo\/wp-json\/wp\/v2\/users\/956"}],"replies":[{"embeddable":true,"href":"https:\/\/blog.ilgiornale.it\/ruzzo\/wp-json\/wp\/v2\/comments?post=38376"}],"version-history":[{"count":9,"href":"https:\/\/blog.ilgiornale.it\/ruzzo\/wp-json\/wp\/v2\/posts\/38376\/revisions"}],"predecessor-version":[{"id":38386,"href":"https:\/\/blog.ilgiornale.it\/ruzzo\/wp-json\/wp\/v2\/posts\/38376\/revisions\/38386"}],"wp:attachment":[{"href":"https:\/\/blog.ilgiornale.it\/ruzzo\/wp-json\/wp\/v2\/media?parent=38376"}],"wp:term":[{"taxonomy":"category","embeddable":true,"href":"https:\/\/blog.ilgiornale.it\/ruzzo\/wp-json\/wp\/v2\/categories?post=38376"},{"taxonomy":"post_tag","embeddable":true,"href":"https:\/\/blog.ilgiornale.it\/ruzzo\/wp-json\/wp\/v2\/tags?post=38376"}],"curies":[{"name":"wp","href":"https:\/\/api.w.org\/{rel}","templated":true}]}}