{"id":38921,"date":"2025-11-16T19:03:59","date_gmt":"2025-11-16T18:03:59","guid":{"rendered":"https:\/\/blog.ilgiornale.it\/ruzzo\/?p=38921"},"modified":"2025-11-16T19:04:00","modified_gmt":"2025-11-16T18:04:00","slug":"milano-21-sold-out-al-via-in-15mila","status":"publish","type":"post","link":"https:\/\/blog.ilgiornale.it\/ruzzo\/2025\/11\/16\/milano-21-sold-out-al-via-in-15mila\/","title":{"rendered":"Milano 21 &#8220;sold out&#8221;: al via in 15mila"},"content":{"rendered":"<p><a href=\"https:\/\/blog.ilgiornale.it\/ruzzo\/2025\/11\/16\/milano-21-sold-out-al-via-in-15mila\/mi21-4\/\" rel=\"attachment wp-att-38922\"><img loading=\"lazy\" class=\"alignleft size-medium wp-image-38922\" src=\"https:\/\/blog.ilgiornale.it\/ruzzo\/files\/2025\/11\/mi21-209x300.jpg\" alt=\"\" width=\"209\" height=\"300\" srcset=\"https:\/\/blog.ilgiornale.it\/ruzzo\/files\/2025\/11\/mi21-209x300.jpg 209w, https:\/\/blog.ilgiornale.it\/ruzzo\/files\/2025\/11\/mi21.jpg 545w\" sizes=\"(max-width: 209px) 100vw, 209px\" \/><\/a>Pi\u00f9 di 15 mila runner al via, \u00absold out\u00bb per la Milano21, la mezza maratona di Milano. Segno che il lavoro paga: \u00abCerto, uno vede 15mila atleti al via e pensa che la fatica sia tutta l\u00ec nel farli correre, nel far s\u00ec che la gara fili via liscia senza intoppi ma in realt\u00e0 dietro a tutto ci\u00f2 c\u2019\u00e8 un lavoro enorme che va dai contatti con le amministrazioni alla realizzazione delle maglie, alla ricerca degli sponsor&#8230;\u00bb. Andrea Trabuio, direttore generale di Mg Sport, si gode i numeri della Milano 21 che si correr\u00e0 domenica 23 e ne ha tutti i motivi. In pochi anni gli iscritti a questa mezza di FollowYourPassion sono cresciuti in maniera esponenziale e non per caso, basti solo pensare che lo scorso anno i partecipanti erano poco pi\u00f9 di 11mila.<\/p>\n<p><strong>Sono almeno tre i motivi per cui la Milano21 \u00e8 una delle mezze maratone pi\u00f9 \u00abgettonate\u00bb<\/strong> in circolazione al di l\u00e0 del fatto che \u00e8 ben organizzata. Il primo \u00e8 perch\u00e9 si corre a Milano che, nonostante l\u2019antica avversione per i grandi eventi podistici, ha un rapporto intenso con la corsa per storia e praticanti. L\u2019altra \u00e8 che il percorso, tutto nel cuore della citt\u00e0, \u00e8 affascinante per chi lo conosce figurarsi per chi arriva da altre parti del mondo. L\u2019ultimo \u00e8 la data: quella invernale \u00e8 una stagione perfetta per correre, non ci sono grandi gare concomitanti, e proprio in questi giorni Milano apre la stagione dello shopping natalizio, quindi la mezza \u00e8 anche un buon alibi per venire a girar per negozi e farsi seguire anche da chi di correre non ha nessuna intenzione.<\/p>\n<p><strong>\u00abE infatti dei 15mila partecipanti, oltre 7mila sono stranieri in arrivo da 50 Paes<\/strong>i &#8211; spiega Gianpiero Schiavo, il presidente di Mg Sport &#8211; FollowYourPassion non \u00e8 solo un circuito di gare, ma una comunit\u00e0 che unisce sport, esperienze e persone e genera valore per i territori e per chi li vive\u00bb. Milano21 proporr\u00e0 tre sfide: la mezza maratona di 21,097 km e la 10 km certificate Fidal per chi ha obbiettivi agonistici e la 10 km non competitiva per chi vuole solamente godersi per una mattina la citt\u00e0 anche camminando.<\/p>\n<p><strong>Cuore della festa sar\u00e0 City life<\/strong> con il quartier generale, che lo scorso anno era nei padiglioni fieristici del Mico ora occupati per\u00f2 dai lavori per la pista olimpica dei pattinaggio, nella mitica sede del Vigorelli. Si parte da viale Eginardo e, dopo essere passati in piazza del Duomo, corso Vittorio Emanuele, via Manzoni, la Darsena, il Castello Sforzesco, l\u2019Arco della Pace e Porta Romana si fa ritorno in zona Fiera. \u00abMa \u00e8 molto pi\u00f9 di una corsa &#8211; spiega l\u2019assessore allo Sport del Comune Martina Riva che correr\u00e0 la 10 chilometri &#8211; \u00e8 una festa che attraversa la citt\u00e0 e la unisce. Vedere 15mila runner da tutto il mondo correre tra i simboli di Milano \u00e8 l\u2019immagine di una citt\u00e0 aperta, viva e capace di accogliere\u00bb. Tra le tante novit\u00e0 quella che pi\u00f9 salta all\u2019occhio \u00e8 il grande concerto di Rockin\u20191000, Official Music Partner della manifestazione, che per la prima volta accompagner\u00e0 la gara lungo tutto il percorso con 10 band e 250 musicisti distribuiti in 11 diversi punti musicali della citt\u00e0. Un concerto a cielo aperto perch\u00e9, mai come in questo caso, la corsa \u00e8 \u00abrock\u00bb<\/p>\n","protected":false},"excerpt":{"rendered":"<p><p>Pi\u00f9 di 15 mila runner al via, \u00absold out\u00bb per la Milano21, la mezza maratona di Milano. Segno che il lavoro paga: \u00abCerto, uno vede 15mila atleti al via e pensa che la fatica sia tutta l\u00ec nel farli correre, nel far s\u00ec che la gara fili via liscia senza intoppi ma in realt\u00e0 dietro a tutto ci\u00f2 c\u2019\u00e8 un lavoro enorme che va dai contatti con le amministrazioni alla realizzazione delle maglie, alla ricerca degli sponsor&#8230;\u00bb. Andrea Trabuio, direttore generale di Mg Sport, si gode i numeri della Milano 21 che si correr\u00e0 domenica 23 e ne ha tutti [&hellip;]<\/p>\n&nbsp;&nbsp;<div class=\"readmore\"><a href=\"https:\/\/blog.ilgiornale.it\/ruzzo\/2025\/11\/16\/milano-21-sold-out-al-via-in-15mila\/\">Continua a leggere...<\/a><\/div><\/p>","protected":false},"author":956,"featured_media":0,"comment_status":"open","ping_status":"closed","sticky":false,"template":"","format":"standard","meta":[],"categories":[1],"tags":[],"_links":{"self":[{"href":"https:\/\/blog.ilgiornale.it\/ruzzo\/wp-json\/wp\/v2\/posts\/38921"}],"collection":[{"href":"https:\/\/blog.ilgiornale.it\/ruzzo\/wp-json\/wp\/v2\/posts"}],"about":[{"href":"https:\/\/blog.ilgiornale.it\/ruzzo\/wp-json\/wp\/v2\/types\/post"}],"author":[{"embeddable":true,"href":"https:\/\/blog.ilgiornale.it\/ruzzo\/wp-json\/wp\/v2\/users\/956"}],"replies":[{"embeddable":true,"href":"https:\/\/blog.ilgiornale.it\/ruzzo\/wp-json\/wp\/v2\/comments?post=38921"}],"version-history":[{"count":2,"href":"https:\/\/blog.ilgiornale.it\/ruzzo\/wp-json\/wp\/v2\/posts\/38921\/revisions"}],"predecessor-version":[{"id":38924,"href":"https:\/\/blog.ilgiornale.it\/ruzzo\/wp-json\/wp\/v2\/posts\/38921\/revisions\/38924"}],"wp:attachment":[{"href":"https:\/\/blog.ilgiornale.it\/ruzzo\/wp-json\/wp\/v2\/media?parent=38921"}],"wp:term":[{"taxonomy":"category","embeddable":true,"href":"https:\/\/blog.ilgiornale.it\/ruzzo\/wp-json\/wp\/v2\/categories?post=38921"},{"taxonomy":"post_tag","embeddable":true,"href":"https:\/\/blog.ilgiornale.it\/ruzzo\/wp-json\/wp\/v2\/tags?post=38921"}],"curies":[{"name":"wp","href":"https:\/\/api.w.org\/{rel}","templated":true}]}}